{"id":3540,"date":"2013-08-18T14:29:36","date_gmt":"2013-08-18T14:29:36","guid":{"rendered":"http:\/\/www.rincondelbulla.cl\/portal\/?p=3540"},"modified":"2013-08-18T14:29:36","modified_gmt":"2013-08-18T14:29:36","slug":"la-previa-a-seguir-con-la-buena-racha-en-chillan","status":"publish","type":"post","link":"http:\/\/www.rincondelbulla.cl\/portal\/2013\/08\/18\/la-previa-a-seguir-con-la-buena-racha-en-chillan\/","title":{"rendered":"La previa: A seguir con la buena racha en Chill\u00e1n"},"content":{"rendered":"<figure id=\"attachment_5144\" aria-describedby=\"caption-attachment-5144\" style=\"width: 960px\" class=\"wp-caption alignnone\"><img loading=\"lazy\" decoding=\"async\" class=\" size-full wp-image-5144\" src=\"http:\/\/www.rincondelbulla.cl\/portal\/wp-content\/uploads\/2013\/08\/ae86f308ca90b4e8b7e0e71b400e7349.jpg\" alt=\"\" class=\"caption\" title=\"Foto: Patricio Gonz\u00e1lez\" width=\"960\" height=\"640\" srcset=\"http:\/\/www.rincondelbulla.cl\/portal\/wp-content\/uploads\/2013\/08\/ae86f308ca90b4e8b7e0e71b400e7349.jpg 960w, http:\/\/www.rincondelbulla.cl\/portal\/wp-content\/uploads\/2013\/08\/ae86f308ca90b4e8b7e0e71b400e7349-300x200.jpg 300w, http:\/\/www.rincondelbulla.cl\/portal\/wp-content\/uploads\/2013\/08\/ae86f308ca90b4e8b7e0e71b400e7349-768x512.jpg 768w, http:\/\/www.rincondelbulla.cl\/portal\/wp-content\/uploads\/2013\/08\/ae86f308ca90b4e8b7e0e71b400e7349-696x464.jpg 696w, http:\/\/www.rincondelbulla.cl\/portal\/wp-content\/uploads\/2013\/08\/ae86f308ca90b4e8b7e0e71b400e7349-630x420.jpg 630w\" sizes=\"auto, (max-width: 960px) 100vw, 960px\" \/><figcaption id=\"caption-attachment-5144\" class=\"wp-caption-text\">Foto: Patricio Gonz\u00e1lez<\/figcaption><\/figure>\n<p><strong>Universidad de Chile viajar\u00e1 hasta Chill\u00e1n para enfrentar a \u00d1ublense e intentar continuar con lo hecho en los partidos anteriores ante Real Potos\u00ed y Cobresal. <!--more--> <\/strong><strong>Por Enrique Moreno | @EnriqueMorenoS<\/strong><\/p>\n<p>Tras una semana de descanso, Universidad de Chile enfrentar\u00e1 a \u00d1ublense con la obligaci\u00f3n de mantener el alza demostrada en las goleadas ante Real Potos\u00ed y Cobresal. Adem\u00e1s, a\u00fan est\u00e1 cuatro unidades por debajo de los punteros, por lo que no tiene margen para perder puntos.<\/p>\n<p>Para este partido, el \u201cFantasma\u201d Figueroa dar\u00e1 descansos a los jugadores que defendieron a la selecci\u00f3n a mitad de semana, mientras que como novedades estar\u00e1 el regreso de Albert Acevedo, Sebasti\u00e1n Ubilla y Enzo Guti\u00e9rrez, quienes ir\u00e1n al banco tras recuperarse de sus lesiones.<\/p>\n<p>De esta manera, el once inicial ser\u00eda con<strong> Luis Mar\u00edn; Paulo Magalhaes, Juan Ignacio Sills, Valber Huerta; Bryan Cort\u00e9s, Juan Rodrigo Rojas, Gustavo Lorenzetti, Ram\u00f3n Fern\u00e1ndez; Rub\u00e9n Farf\u00e1n, Isaac D\u00edaz y Patricio Rubio.<\/strong><\/p>\n<p>En la vereda de enfrente estar\u00e1 un \u00d1ublense que se ubica pen\u00faltimo con apenas de un punto, por lo que como local deber\u00e1 buscar el triunfo. Los chillanejos formar\u00edan con Fuentes; Ruiz, Reyes, Rojas, Sandoval; Riquero, Cisternas, Lanzini, Croce; V\u00e1squez y Varas.<\/p>\n<p>En el torneo nacional la \u201cU\u201d tiene un 82% de rendimiento ante este rival, ya que se han enfrentado en 19 oportunidades, con 14 triunfos azules, 3 empates y s\u00f3lo 2 derrotas. Ha hecho 37 goles y ha recibido 11.<\/p>\n<p>La \u00faltima vez que se enfrentaron fue el 24 de julio por Copa Chile en Santa Laura. Aquella vez, en que la \u201cU\u201d terminar\u00eda eliminada, fue empate 2-2 con goles de Charles Ar\u00e1nguiz y Juan Rodrigo Rojas.<\/p>\n<p>En tanto en el sur, se enfrentaron por \u00faltima vez dos semanas antes de aquel partido, con estrepitoso triunfo de \u00d1ublense por 4-1, con descuento anotado por Isaac D\u00edaz.<\/p>\n<p>Para el partido que se jugar\u00e1 desde las 15:30 horas en el Estadio Nelson Oyarz\u00fan, las entradas se vendieron desde el viernes en boleter\u00edas del estadio y en la sede del club chillanejo. El d\u00eda del partido no habr\u00e1 venta de entradas galer\u00eda visita en el estadio, ya que se vender\u00e1n exclusivamente en la Tenencia de Carreteras \u00d1uble por disposici\u00f3n de la autoridad.<\/p>\n<p>Los precios son: Ni\u00f1os $3.000, Galer\u00eda (sector sur para la \u201cU\u201d) $6.000, Andes $8.000, Pac\u00edfico $12.000, VIP bajo $20.000 y VIP alto $25.000.<br \/>El partido ser\u00e1 dirigido por Eduardo Gamboa y lo transmitir\u00e1 en vivo CDF Premium. <strong>Adem\u00e1s, podr\u00e1s seguir el minuto a minuto en el fan page de Rinc\u00f3n del Bulla.<\/strong><\/p>\n","protected":false},"excerpt":{"rendered":"<p>Universidad de Chile viajar\u00e1 hasta Chill\u00e1n para enfrentar a \u00d1ublense e intentar continuar con lo hecho en los partidos anteriores ante Real Potos\u00ed y Cobresal.<\/p>\n","protected":false},"author":56,"featured_media":5144,"comment_status":"open","ping_status":"open","sticky":false,"template":"","format":"standard","meta":{"footnotes":""},"categories":[18],"tags":[],"class_list":{"0":"post-3540","1":"post","2":"type-post","3":"status-publish","4":"format-standard","5":"has-post-thumbnail","7":"category-actualidad"},"_links":{"self":[{"href":"http:\/\/www.rincondelbulla.cl\/portal\/wp-json\/wp\/v2\/posts\/3540","targetHints":{"allow":["GET"]}}],"collection":[{"href":"http:\/\/www.rincondelbulla.cl\/portal\/wp-json\/wp\/v2\/posts"}],"about":[{"href":"http:\/\/www.rincondelbulla.cl\/portal\/wp-json\/wp\/v2\/types\/post"}],"author":[{"embeddable":true,"href":"http:\/\/www.rincondelbulla.cl\/portal\/wp-json\/wp\/v2\/users\/56"}],"replies":[{"embeddable":true,"href":"http:\/\/www.rincondelbulla.cl\/portal\/wp-json\/wp\/v2\/comments?post=3540"}],"version-history":[{"count":0,"href":"http:\/\/www.rincondelbulla.cl\/portal\/wp-json\/wp\/v2\/posts\/3540\/revisions"}],"wp:featuredmedia":[{"embeddable":true,"href":"http:\/\/www.rincondelbulla.cl\/portal\/wp-json\/wp\/v2\/media\/5144"}],"wp:attachment":[{"href":"http:\/\/www.rincondelbulla.cl\/portal\/wp-json\/wp\/v2\/media?parent=3540"}],"wp:term":[{"taxonomy":"category","embeddable":true,"href":"http:\/\/www.rincondelbulla.cl\/portal\/wp-json\/wp\/v2\/categories?post=3540"},{"taxonomy":"post_tag","embeddable":true,"href":"http:\/\/www.rincondelbulla.cl\/portal\/wp-json\/wp\/v2\/tags?post=3540"}],"curies":[{"name":"wp","href":"https:\/\/api.w.org\/{rel}","templated":true}]}}