{"id":3541,"date":"2013-08-18T22:01:53","date_gmt":"2013-08-18T22:01:53","guid":{"rendered":"http:\/\/www.rincondelbulla.cl\/portal\/?p=3541"},"modified":"2013-08-18T22:01:53","modified_gmt":"2013-08-18T22:01:53","slug":"amargo-empate-del-leon-en-el-sur","status":"publish","type":"post","link":"http:\/\/www.rincondelbulla.cl\/portal\/2013\/08\/18\/amargo-empate-del-leon-en-el-sur\/","title":{"rendered":"Amargo empate del Le\u00f3n en el sur"},"content":{"rendered":"<figure id=\"attachment_5145\" aria-describedby=\"caption-attachment-5145\" style=\"width: 619px\" class=\"wp-caption alignnone\"><img loading=\"lazy\" decoding=\"async\" class=\" size-full wp-image-5145\" src=\"http:\/\/www.rincondelbulla.cl\/portal\/wp-content\/uploads\/2013\/08\/634d31647f25d455d5f8b4cdd144eb2c.jpg\" alt=\"Foto: Agencia UNO\" class=\"caption\" title=\"Rojas, autor del empate parcial\" width=\"619\" height=\"464\" srcset=\"http:\/\/www.rincondelbulla.cl\/portal\/wp-content\/uploads\/2013\/08\/634d31647f25d455d5f8b4cdd144eb2c.jpg 619w, http:\/\/www.rincondelbulla.cl\/portal\/wp-content\/uploads\/2013\/08\/634d31647f25d455d5f8b4cdd144eb2c-300x225.jpg 300w, http:\/\/www.rincondelbulla.cl\/portal\/wp-content\/uploads\/2013\/08\/634d31647f25d455d5f8b4cdd144eb2c-80x60.jpg 80w, http:\/\/www.rincondelbulla.cl\/portal\/wp-content\/uploads\/2013\/08\/634d31647f25d455d5f8b4cdd144eb2c-265x198.jpg 265w, http:\/\/www.rincondelbulla.cl\/portal\/wp-content\/uploads\/2013\/08\/634d31647f25d455d5f8b4cdd144eb2c-560x420.jpg 560w\" sizes=\"auto, (max-width: 619px) 100vw, 619px\" \/><figcaption id=\"caption-attachment-5145\" class=\"wp-caption-text\">Rojas, autor del empate parcial<\/figcaption><\/figure>\n<p style=\"text-align: justify;\"><strong><span style=\"font-family: 'Arial','sans-serif';\">Universidad de Chile no pudo con \u00d1ublense en Chill\u00e1n y rescat\u00f3 un ag\u00f3nico empate 2 a 2 ante los diablos rojos. Cuando parec\u00eda que los azules retomaban la senda ganadora aparece un tropez\u00f3n que, adem\u00e1s de alarmar, resta dos puntos que pueden ser vitales cuando el Torneo finalice.<i><\/i><\/span><\/strong><\/p>\n<p style=\"text-align: justify;\"><strong><span style=\"font-family: 'Arial','sans-serif';\"> <!--more--> <\/span><\/strong><\/p>\n<p style=\"text-align: justify;\"><span style=\"font-family: 'Arial','sans-serif';\">La U sal\u00eda a la cancha del Nelson Oyarz\u00fan de Chill\u00e1n buscando mantener la racha ganadora. Los azules llegaban con tres bajas debido al duelo disputado por la Selecci\u00f3n Chilena del mi\u00e9rcoles pasado. Herrera, Jos\u00e9 Rojas y Ar\u00e1nguiz se quedaban en Santiago.<\/span><\/p>\n<p style=\"text-align: justify;\"><span style=\"font-family: 'Arial','sans-serif';\">El partido comenz\u00f3 bien. La U tomaba el control del partido manteniendo la posesi\u00f3n del bal\u00f3n y entrando por la banda derecha, sac\u00e1ndole el jugo al trabajo de Farf\u00e1n. Sin embargo los ataques azules no lograban vencer la fuerte resistencia de los chillanejos, ni la gran actuaci\u00f3n del portero local. Un remate de Lorenzetti, enviado al c\u00f3rner por Giovini y un cabezazo de D\u00edaz contenido de gran manera por el arquero eran lo m\u00e1s peligroso. Sin embargo, cuando el primer tiempo se iba, Farf\u00e1n logra desbordar, saca un centro preciso que encuentra la cabeza de Ram\u00f3n Fern\u00e1ndez quien, solo frente al arco, manda el remate al travesa\u00f1o. Terminaba el primer lapso 0 a 0 y la historia podr\u00eda haber sido distinta.<\/span><\/p>\n<p style=\"text-align: justify;\"><span style=\"font-family: 'Arial','sans-serif';\">La segunda parte fue m\u00e1s pareja. Los rojos trataban de dominar m\u00e1s el bal\u00f3n y los azules buscaban llegar al gol, m\u00e1s a\u00fan con los cambios realizados (ingresaron Rubio y Guti\u00e9rrez y abandonaron el campo C\u00e9sar Cort\u00e9s y Fern\u00e1ndez).<\/span><\/p>\n<p style=\"text-align: justify;\"><span style=\"font-family: 'Arial','sans-serif';\">Pero lleg\u00f3 el descalabro. La U atacaba con un tiro libre, una serie de rebotes hicieron llegar el bal\u00f3n a un defensor de \u00d1ublense quien despej\u00f3 a cualquier lado el bal\u00f3n, el remate se meti\u00f3 en la l\u00ednea de fondo de la U y, cuando parec\u00eda que Videla ten\u00eda todo controlado, inexplicablemente el defensor azul sac\u00f3 la vista del bal\u00f3n, se enred\u00f3 y dej\u00f3 todo servido para que Parra definiera solo ante la salida de Mar\u00edn. Minuto 52 y el local venc\u00eda por 1 a 0.<\/span><\/p>\n<p style=\"text-align: justify;\"><span style=\"font-family: 'Arial','sans-serif';\">La U sigui\u00f3 buscando, un centro desde la derecha hizo que Giovini saliera a cortarlo pero choc\u00f3 con Rubio y el bal\u00f3n le qued\u00f3 a Rojas para decretar el 1-1 parcial en el minuto 64, pese a los reclamos de los jugadores locales.<\/span><\/p>\n<p style=\"text-align: justify;\"><span style=\"font-family: 'Arial','sans-serif';\">La alegr\u00eda, lamentablemente, no dur\u00f3 mucho. 5 minutos despu\u00e9s y tras una falta no sancionada contra Sills, la pelota le llega a Sebasti\u00e1n Varas quien bati\u00f3 la resistencia de Mar\u00edn y decret\u00f3 el 2-1 que pon\u00eda todo cuesta arriba.<\/span><\/p>\n<p style=\"text-align: justify;\"><span style=\"font-family: 'Arial','sans-serif';\">Los azules fueron por el empate y Figueroa segu\u00eda moviendo las piezas. En un cambio que me parece errado saca a Farf\u00e1n y manda a la cancha a Ubilla (a m\u00ed parecer no deber\u00eda haber salido Farf\u00e1n). La U ganaba hombres en ofensiva pero no por eso volumen.<\/span><\/p>\n<p style=\"text-align: justify;\"><span style=\"font-family: 'Arial','sans-serif';\">Cuando el partido expiraba, a los 88\u2019 y tras una serie de rebotes, Patricio Rubio toma el bal\u00f3n, intenta encarar pero es derribado por un defensor local y el juez del partido decreta penal para la U. Toma la pelota Isaac D\u00edaz y con categor\u00eda decreta el empate 2-2 final con el que la U logra, al menos, traerse un punto desde el sur.<\/span><\/p>\n<p style=\"text-align: justify;\"><span style=\"font-family: 'Arial','sans-serif';\">Cuando no se puede ganar, empatar no es malo, sin embargo queda la sensaci\u00f3n amarga de saber que pod\u00edan haberse tra\u00eddo tres puntos el d\u00eda de hoy y quedar m\u00e1s arriba en la tabla de ubicaciones. A pensar en Copa Sudamericana y en todos los errores que hay que corregir, que hoy qued\u00f3 demostrado que no son pocos y eso lo hace preocupante. <\/span><\/p>\n","protected":false},"excerpt":{"rendered":"<p>Universidad de Chile no pudo con \u00d1ublense en Chill\u00e1n y rescat\u00f3 un ag\u00f3nico empate 2 a 2 ante los diablos rojos. Cuando parec\u00eda que los azules retomaban la senda ganadora aparece un tropez\u00f3n que, adem\u00e1s de alarmar, resta dos puntos que pueden ser vitales cuando el Torneo finalice.<\/p>\n","protected":false},"author":57,"featured_media":5145,"comment_status":"open","ping_status":"open","sticky":false,"template":"","format":"standard","meta":{"footnotes":""},"categories":[18],"tags":[],"class_list":{"0":"post-3541","1":"post","2":"type-post","3":"status-publish","4":"format-standard","5":"has-post-thumbnail","7":"category-actualidad"},"_links":{"self":[{"href":"http:\/\/www.rincondelbulla.cl\/portal\/wp-json\/wp\/v2\/posts\/3541","targetHints":{"allow":["GET"]}}],"collection":[{"href":"http:\/\/www.rincondelbulla.cl\/portal\/wp-json\/wp\/v2\/posts"}],"about":[{"href":"http:\/\/www.rincondelbulla.cl\/portal\/wp-json\/wp\/v2\/types\/post"}],"author":[{"embeddable":true,"href":"http:\/\/www.rincondelbulla.cl\/portal\/wp-json\/wp\/v2\/users\/57"}],"replies":[{"embeddable":true,"href":"http:\/\/www.rincondelbulla.cl\/portal\/wp-json\/wp\/v2\/comments?post=3541"}],"version-history":[{"count":0,"href":"http:\/\/www.rincondelbulla.cl\/portal\/wp-json\/wp\/v2\/posts\/3541\/revisions"}],"wp:featuredmedia":[{"embeddable":true,"href":"http:\/\/www.rincondelbulla.cl\/portal\/wp-json\/wp\/v2\/media\/5145"}],"wp:attachment":[{"href":"http:\/\/www.rincondelbulla.cl\/portal\/wp-json\/wp\/v2\/media?parent=3541"}],"wp:term":[{"taxonomy":"category","embeddable":true,"href":"http:\/\/www.rincondelbulla.cl\/portal\/wp-json\/wp\/v2\/categories?post=3541"},{"taxonomy":"post_tag","embeddable":true,"href":"http:\/\/www.rincondelbulla.cl\/portal\/wp-json\/wp\/v2\/tags?post=3541"}],"curies":[{"name":"wp","href":"https:\/\/api.w.org\/{rel}","templated":true}]}}