{"id":3544,"date":"2013-08-21T11:49:40","date_gmt":"2013-08-21T11:49:40","guid":{"rendered":"http:\/\/www.rincondelbulla.cl\/portal\/?p=3544"},"modified":"2013-08-21T11:49:40","modified_gmt":"2013-08-21T11:49:40","slug":"la-previa-la-u-sigue-con-el-sueno-copero-ante-independiente-del-valle","status":"publish","type":"post","link":"http:\/\/www.rincondelbulla.cl\/portal\/2013\/08\/21\/la-previa-la-u-sigue-con-el-sueno-copero-ante-independiente-del-valle\/","title":{"rendered":"La previa: La \u201cU\u201d sigue con el sue\u00f1o copero ante Independiente del Valle"},"content":{"rendered":"<p><img loading=\"lazy\" decoding=\"async\" class=\" size-full wp-image-5148\" src=\"http:\/\/www.rincondelbulla.cl\/portal\/wp-content\/uploads\/2013\/08\/f7be59fe3d7f657e0155734831cd8c56.jpg\" alt=\"\" width=\"875\" height=\"700\" srcset=\"http:\/\/www.rincondelbulla.cl\/portal\/wp-content\/uploads\/2013\/08\/f7be59fe3d7f657e0155734831cd8c56.jpg 875w, http:\/\/www.rincondelbulla.cl\/portal\/wp-content\/uploads\/2013\/08\/f7be59fe3d7f657e0155734831cd8c56-300x240.jpg 300w, http:\/\/www.rincondelbulla.cl\/portal\/wp-content\/uploads\/2013\/08\/f7be59fe3d7f657e0155734831cd8c56-768x614.jpg 768w, http:\/\/www.rincondelbulla.cl\/portal\/wp-content\/uploads\/2013\/08\/f7be59fe3d7f657e0155734831cd8c56-696x557.jpg 696w, http:\/\/www.rincondelbulla.cl\/portal\/wp-content\/uploads\/2013\/08\/f7be59fe3d7f657e0155734831cd8c56-525x420.jpg 525w\" sizes=\"auto, (max-width: 875px) 100vw, 875px\" \/><\/p>\n<p><strong>Universidad de Chile abre la llave ante Independiente del Valle como local en \u00d1u\u00f1oa con la responsabilidad de demostrar en cancha la diferencia de jerarqu\u00eda entre ambos equipos. <!--more--> <\/strong><strong>Por Enrique Moreno | @EnriqueMorenoS<\/strong><br \/>Luego del frustrante empate del domingo ante \u00d1ublense, Universidad de Chile seguir\u00e1 su participaci\u00f3n en la Copa Sudamericana enfrentado por la segunda fase a Independiente del Valle de Ecuador desde las 21:30 horas en el Estadio Nacional.<\/p>\n<p>Para este partido en que los azules son absolutos favoritos, tendr\u00e1 como novedades en su once inicial el regreso a la titularidad de los seleccionados Herrera, Rojas y Ar\u00e1nguiz, adem\u00e1s del ingreso en delantera de Civelli en desmedro del cuestionado C\u00e9sar Cort\u00e9s. <\/p>\n<p>De esta manera, el equipo del \u201cFantasma\u201d Figueroa formar\u00eda con <strong>Johnny Herrera; Paulo Magalhaes, Juan Ignacio Sills, Jos\u00e9 Rojas; Charles Ar\u00e1nguiz, Juan Rodrigo Rojas, Gustavo Lorenzetti; Ram\u00f3n Fern\u00e1ndez; Rub\u00e9n Farf\u00e1n, Isaac D\u00edaz y Luciano Civelli.<\/strong><\/p>\n<p>En frente estar\u00e1 un cuadro con escasa experiencia internacional, pero que llegar\u00e1 con el \u00e1nimo en alza, gracias al triunfo que consiguieron ante el Deportivo Anzo\u00e1tegui, el que fue su primera victoria internacional y que les permiti\u00f3 acceder a la segunda fase de la copa.<\/p>\n<p>Si bien a\u00fan no hay indicios de su formaci\u00f3n, una probable ser\u00eda con Librado Azcona; Mario Pineida, Luis Caicedo, Fernando Le\u00f3n, Luis Ayala; Mario Rizotto, Jefferson Orejuela, Jonathan Gonz\u00e1lez, Fernando Guerrero; Junior Sornoza y Armando Sol\u00eds.<\/p>\n<p><strong>Estad\u00edstica<\/strong><\/p>\n<p>Universidad de Chile nunca ha enfrentado a Independiente del Valle. Al \u00faltimo club ecuatoriano que enfrent\u00f3, fue a Emelec por los octavos de final de la Copa Sudamericana del a\u00f1o pasado. Aquella vez fue empate 2-2 en Santiago con goles de Enzo Guti\u00e9rrez y Sebasti\u00e1n Ubilla y triunfo por 1-0 con anotaci\u00f3n de Enzo Guti\u00e9rrez en Guayaquil, consiguiendo la clasificaci\u00f3n.<\/p>\n<p>De manera oficial, la \u201cU\u201d ha jugado 14 partidos ante equipos ecuatorianos, teniendo un positivo registro gracias a siete triunfos, cuatro empates y s\u00f3lo tres derrotas.<br \/>Entradas y transmisi\u00f3n<\/p>\n<p>Las entradas para este partido se encuentran a la venta a trav\u00e9s del sitio web daleticket.cl y en las boleter\u00edas del Vel\u00f3dromo del Estadio Nacional (calle Pedro de Valdivia) entre 10 y 17 horas.<\/p>\n<p>Los precios son: Galer\u00eda ni\u00f1o $3.000, Galer\u00eda norte y sur $6.000, Andes $10.000, Fuera Marquesina $40.000 y Bajo Marquesina $50.000. Abonados tienen paso liberado.<\/p>\n<p>El partido ser\u00e1 dirigido por el paraguayo Julio Quintana y lo transmitir\u00e1 en vivo Fox Sports Premium con una hora de previa como novedad. Adem\u00e1s, podr\u00e1s seguir el minuto a minuto en el fan page de Rinc\u00f3n del Bulla.<\/p>\n","protected":false},"excerpt":{"rendered":"<p>Universidad de Chile abre la llave ante Independiente del Valle como local en \u00d1u\u00f1oa con la responsabilidad de demostrar en cancha la diferencia de jerarqu\u00eda entre ambos equipos.<\/p>\n","protected":false},"author":56,"featured_media":5148,"comment_status":"open","ping_status":"open","sticky":false,"template":"","format":"standard","meta":{"footnotes":""},"categories":[18],"tags":[],"class_list":{"0":"post-3544","1":"post","2":"type-post","3":"status-publish","4":"format-standard","5":"has-post-thumbnail","7":"category-actualidad"},"_links":{"self":[{"href":"http:\/\/www.rincondelbulla.cl\/portal\/wp-json\/wp\/v2\/posts\/3544","targetHints":{"allow":["GET"]}}],"collection":[{"href":"http:\/\/www.rincondelbulla.cl\/portal\/wp-json\/wp\/v2\/posts"}],"about":[{"href":"http:\/\/www.rincondelbulla.cl\/portal\/wp-json\/wp\/v2\/types\/post"}],"author":[{"embeddable":true,"href":"http:\/\/www.rincondelbulla.cl\/portal\/wp-json\/wp\/v2\/users\/56"}],"replies":[{"embeddable":true,"href":"http:\/\/www.rincondelbulla.cl\/portal\/wp-json\/wp\/v2\/comments?post=3544"}],"version-history":[{"count":0,"href":"http:\/\/www.rincondelbulla.cl\/portal\/wp-json\/wp\/v2\/posts\/3544\/revisions"}],"wp:featuredmedia":[{"embeddable":true,"href":"http:\/\/www.rincondelbulla.cl\/portal\/wp-json\/wp\/v2\/media\/5148"}],"wp:attachment":[{"href":"http:\/\/www.rincondelbulla.cl\/portal\/wp-json\/wp\/v2\/media?parent=3544"}],"wp:term":[{"taxonomy":"category","embeddable":true,"href":"http:\/\/www.rincondelbulla.cl\/portal\/wp-json\/wp\/v2\/categories?post=3544"},{"taxonomy":"post_tag","embeddable":true,"href":"http:\/\/www.rincondelbulla.cl\/portal\/wp-json\/wp\/v2\/tags?post=3544"}],"curies":[{"name":"wp","href":"https:\/\/api.w.org\/{rel}","templated":true}]}}