{"id":3558,"date":"2013-09-11T10:43:52","date_gmt":"2013-09-11T10:43:52","guid":{"rendered":"http:\/\/www.rincondelbulla.cl\/portal\/?p=3558"},"modified":"2013-09-11T10:43:52","modified_gmt":"2013-09-11T10:43:52","slug":"soy-de-la-u-no-es-un-libro-de-futbol-es-una-historia-de-familia","status":"publish","type":"post","link":"http:\/\/www.rincondelbulla.cl\/portal\/2013\/09\/11\/soy-de-la-u-no-es-un-libro-de-futbol-es-una-historia-de-familia\/","title":{"rendered":"\u201cSoy de la U\u201d, no es un libro de f\u00fatbol, es una historia de familia"},"content":{"rendered":"<p><img loading=\"lazy\" decoding=\"async\" class=\" size-full wp-image-5161\" src=\"http:\/\/www.rincondelbulla.cl\/portal\/wp-content\/uploads\/2013\/09\/705308bcb7167f21bccc1d972404a51d.jpg\" alt=\"\" width=\"900\" height=\"600\" srcset=\"http:\/\/www.rincondelbulla.cl\/portal\/wp-content\/uploads\/2013\/09\/705308bcb7167f21bccc1d972404a51d.jpg 900w, http:\/\/www.rincondelbulla.cl\/portal\/wp-content\/uploads\/2013\/09\/705308bcb7167f21bccc1d972404a51d-300x200.jpg 300w, http:\/\/www.rincondelbulla.cl\/portal\/wp-content\/uploads\/2013\/09\/705308bcb7167f21bccc1d972404a51d-768x512.jpg 768w, http:\/\/www.rincondelbulla.cl\/portal\/wp-content\/uploads\/2013\/09\/705308bcb7167f21bccc1d972404a51d-696x464.jpg 696w, http:\/\/www.rincondelbulla.cl\/portal\/wp-content\/uploads\/2013\/09\/705308bcb7167f21bccc1d972404a51d-630x420.jpg 630w\" sizes=\"auto, (max-width: 900px) 100vw, 900px\" \/><\/p>\n<p><strong>Hace una semana el periodista Pancho Mouat lanz\u00f3 el libo que seg\u00fan el mismo escritor lo sac\u00f3 del closet. \u201cSoy de la U\u201d, de editorial Lolita, pertenece a la saga \u201cAmor de camiseta\u201d que habla sobre al amor al club desde la mirada de diferentes hinchas de equipos nacionales. <!--more--> <\/strong><strong>Escrito por: Camila Mendez<\/strong><\/p>\n<p>El texto, a trav\u00e9s de an\u00e9cdotas, recorre la historia de la U. Emotivos relatos arman sus p\u00e1ginas que obligan a comprender la pasi\u00f3n de lo que significa ser hincha de este club.<\/p>\n<p>En el lanzamiento, Le\u00f3n Cohen, hincha y ex arquero azul en los \u201870, se\u00f1al\u00f3 que \u201ceste libro ha sido escrito para poder entender un sentimiento inexplicable de espectador, ese placer de tabl\u00f3n\u201d. Y agreg\u00f3 que \u201ces un texto lleno de amistad, lleno de evocaci\u00f3n azul\u201d. <\/p>\n<p>El libro recopila no s\u00f3lo historias del periodista, sino que tambi\u00e9n de otros hinchas bullangueros con cuentos cortos que se van alternando a lo largo de sus 188 p\u00e1ginas.<br \/>\u201cEl club es finalmente parte de tu metabolismo\u201d, explica Mouat y detalla que este libro lo ha escrito durante 45 a\u00f1os de su vida, s\u00f3lo que ahora lo llev\u00f3 a concreto. \u201cYo no soy de la U para amar la gloria, el \u00e9xito y la victoria; soy de la U porque experimento hacia esta camiseta lo que alguna vez un lienzo de la barra llam\u00f3 sentimiento inexplicable\u201d, afirm\u00f3.<\/p>\n<p>\u201cSoy de la U\u201d ya circula con un valor de $10.000 y se puede encontrar en las principales librer\u00edas del pa\u00eds.<\/p>\n","protected":false},"excerpt":{"rendered":"<p>Hace una semana el periodista Pancho Mouat lanz\u00f3 el libo que seg\u00fan el mismo escritor lo sac\u00f3 del closet. \u201cSoy de la U\u201d, de editorial Lolita, pertenece a la saga \u201cAmor de camiseta\u201d que habla sobre al amor al club desde la mirada de diferentes hinchas de equipos nacionales.<\/p>\n","protected":false},"author":56,"featured_media":5161,"comment_status":"open","ping_status":"open","sticky":false,"template":"","format":"standard","meta":{"footnotes":""},"categories":[18],"tags":[],"class_list":{"0":"post-3558","1":"post","2":"type-post","3":"status-publish","4":"format-standard","5":"has-post-thumbnail","7":"category-actualidad"},"_links":{"self":[{"href":"http:\/\/www.rincondelbulla.cl\/portal\/wp-json\/wp\/v2\/posts\/3558","targetHints":{"allow":["GET"]}}],"collection":[{"href":"http:\/\/www.rincondelbulla.cl\/portal\/wp-json\/wp\/v2\/posts"}],"about":[{"href":"http:\/\/www.rincondelbulla.cl\/portal\/wp-json\/wp\/v2\/types\/post"}],"author":[{"embeddable":true,"href":"http:\/\/www.rincondelbulla.cl\/portal\/wp-json\/wp\/v2\/users\/56"}],"replies":[{"embeddable":true,"href":"http:\/\/www.rincondelbulla.cl\/portal\/wp-json\/wp\/v2\/comments?post=3558"}],"version-history":[{"count":0,"href":"http:\/\/www.rincondelbulla.cl\/portal\/wp-json\/wp\/v2\/posts\/3558\/revisions"}],"wp:featuredmedia":[{"embeddable":true,"href":"http:\/\/www.rincondelbulla.cl\/portal\/wp-json\/wp\/v2\/media\/5161"}],"wp:attachment":[{"href":"http:\/\/www.rincondelbulla.cl\/portal\/wp-json\/wp\/v2\/media?parent=3558"}],"wp:term":[{"taxonomy":"category","embeddable":true,"href":"http:\/\/www.rincondelbulla.cl\/portal\/wp-json\/wp\/v2\/categories?post=3558"},{"taxonomy":"post_tag","embeddable":true,"href":"http:\/\/www.rincondelbulla.cl\/portal\/wp-json\/wp\/v2\/tags?post=3558"}],"curies":[{"name":"wp","href":"https:\/\/api.w.org\/{rel}","templated":true}]}}