{"id":3575,"date":"2013-10-08T23:22:27","date_gmt":"2013-10-08T23:22:27","guid":{"rendered":"http:\/\/www.rincondelbulla.cl\/portal\/?p=3575"},"modified":"2013-10-08T23:22:27","modified_gmt":"2013-10-08T23:22:27","slug":"con-un-amistoso-la-u-enfrenta-el-receso-clasificatorio","status":"publish","type":"post","link":"http:\/\/www.rincondelbulla.cl\/portal\/2013\/10\/08\/con-un-amistoso-la-u-enfrenta-el-receso-clasificatorio\/","title":{"rendered":"Con un amistoso la U enfrenta el receso clasificatorio"},"content":{"rendered":"<p><img loading=\"lazy\" decoding=\"async\" class=\" size-full wp-image-5177\" src=\"http:\/\/www.rincondelbulla.cl\/portal\/wp-content\/uploads\/2013\/10\/5b6d5f622a98d40ed8ed446688bbd13f.jpg\" alt=\"\" width=\"624\" height=\"367\" srcset=\"http:\/\/www.rincondelbulla.cl\/portal\/wp-content\/uploads\/2013\/10\/5b6d5f622a98d40ed8ed446688bbd13f.jpg 624w, http:\/\/www.rincondelbulla.cl\/portal\/wp-content\/uploads\/2013\/10\/5b6d5f622a98d40ed8ed446688bbd13f-300x176.jpg 300w\" sizes=\"auto, (max-width: 624px) 100vw, 624px\" \/><\/p>\n<p><p style=\"margin-top: 0px; margin-right: 0px; margin-bottom: 10px; margin-left: 0px; font: normal normal normal 11px\/normal Calibri;\"><strong>El partido amisto entre Universidad de Chile y Uni\u00f3n Espa\u00f1ola, que ya se ha transformado en uno de los m\u00e1s fervientes del f\u00fatbol chileno, finalmente ser\u00e1 transmitido por la televisi\u00f3n abierta. <!--more--> <\/strong><\/p>\n<p style=\"margin-top: 0px; margin-right: 0px; margin-bottom: 10px; margin-left: 0px; font: normal normal normal 11px\/normal Calibri;\"><strong><\/strong>S\u00f3lo fataba despejar una duda sobre el encuentro amistoso de ma\u00f1ana, si ser\u00eda transmitido por televisi\u00f3n abierta, bueno esa pregunta fue respondida, el amistoso que reinaugura el estadio Bicentenario de Chinquihue ser\u00e1 transmitido por el canal UCV.<\/p>\n<p style=\"margin-top: 0px; margin-right: 0px; margin-bottom: 10px; margin-left: 0px; font: normal normal normal 11px\/normal Calibri;\">Para el encuentro se espera un lleno total que revolucionar\u00e1 la ciudad de Puerto Montt,&nbsp; la cual no acostumbra a recibir estos eventos deportivos. Todas las entradas para el duelo entre la Universidad de Chile y a Uni\u00f3n Espa\u00f1ola se encuentran vendidas,&nbsp; seg\u00fan se\u00f1al\u00f3 el productor del evento deportivo V\u00edctor Ca\u00f1as.<\/p>\n<p style=\"margin-top: 0px; margin-right: 0px; margin-bottom: 10px; margin-left: 0px; font: normal normal normal 11px\/normal Calibri;\">El partido se disputar\u00e1&nbsp; mi\u00e9rcoles a las 22 horas, y ser\u00e1 el \u00faltimo encuentro que disputen ambos equipos, previo al receso por la fecha FIFA.<\/p>\n<div>&nbsp;<\/div><\/p>\n","protected":false},"excerpt":{"rendered":"<p>El partido amisto entre Universidad de Chile y Uni\u00f3n Espa\u00f1ola, que ya se ha transformado en uno de los m\u00e1s fervientes del f\u00fatbol chileno, finalmente ser\u00e1 transmitido por la televisi\u00f3n abierta.<\/p>\n","protected":false},"author":56,"featured_media":5177,"comment_status":"open","ping_status":"open","sticky":false,"template":"","format":"standard","meta":{"footnotes":""},"categories":[18],"tags":[454,168,102,156],"class_list":{"0":"post-3575","1":"post","2":"type-post","3":"status-publish","4":"format-standard","5":"has-post-thumbnail","7":"category-actualidad","8":"tag-actualidad","9":"tag-amistoso","10":"tag-los-de-abajo","11":"tag-universidad-de-chile"},"_links":{"self":[{"href":"http:\/\/www.rincondelbulla.cl\/portal\/wp-json\/wp\/v2\/posts\/3575","targetHints":{"allow":["GET"]}}],"collection":[{"href":"http:\/\/www.rincondelbulla.cl\/portal\/wp-json\/wp\/v2\/posts"}],"about":[{"href":"http:\/\/www.rincondelbulla.cl\/portal\/wp-json\/wp\/v2\/types\/post"}],"author":[{"embeddable":true,"href":"http:\/\/www.rincondelbulla.cl\/portal\/wp-json\/wp\/v2\/users\/56"}],"replies":[{"embeddable":true,"href":"http:\/\/www.rincondelbulla.cl\/portal\/wp-json\/wp\/v2\/comments?post=3575"}],"version-history":[{"count":0,"href":"http:\/\/www.rincondelbulla.cl\/portal\/wp-json\/wp\/v2\/posts\/3575\/revisions"}],"wp:featuredmedia":[{"embeddable":true,"href":"http:\/\/www.rincondelbulla.cl\/portal\/wp-json\/wp\/v2\/media\/5177"}],"wp:attachment":[{"href":"http:\/\/www.rincondelbulla.cl\/portal\/wp-json\/wp\/v2\/media?parent=3575"}],"wp:term":[{"taxonomy":"category","embeddable":true,"href":"http:\/\/www.rincondelbulla.cl\/portal\/wp-json\/wp\/v2\/categories?post=3575"},{"taxonomy":"post_tag","embeddable":true,"href":"http:\/\/www.rincondelbulla.cl\/portal\/wp-json\/wp\/v2\/tags?post=3575"}],"curies":[{"name":"wp","href":"https:\/\/api.w.org\/{rel}","templated":true}]}}