{"id":3576,"date":"2013-10-15T15:46:57","date_gmt":"2013-10-15T15:46:57","guid":{"rendered":"http:\/\/www.rincondelbulla.cl\/portal\/?p=3576"},"modified":"2013-10-15T15:46:57","modified_gmt":"2013-10-15T15:46:57","slug":"el-jueves-salen-a-la-venta-las-entradas-para-el-duelo-ante-iquique","status":"publish","type":"post","link":"http:\/\/www.rincondelbulla.cl\/portal\/2013\/10\/15\/el-jueves-salen-a-la-venta-las-entradas-para-el-duelo-ante-iquique\/","title":{"rendered":"El jueves salen a la venta las entradas para el duelo ante Iquique"},"content":{"rendered":"<figure id=\"attachment_5178\" aria-describedby=\"caption-attachment-5178\" style=\"width: 700px\" class=\"wp-caption alignnone\"><img loading=\"lazy\" decoding=\"async\" class=\" size-full wp-image-5178\" src=\"http:\/\/www.rincondelbulla.cl\/portal\/wp-content\/uploads\/2013\/10\/91a2cbd3734d991ccf6d588c0cf42602.jpg\" alt=\"\" class=\"caption\" title=\"Foto: Claudio C\u00e1ceres\" width=\"700\" height=\"467\" srcset=\"http:\/\/www.rincondelbulla.cl\/portal\/wp-content\/uploads\/2013\/10\/91a2cbd3734d991ccf6d588c0cf42602.jpg 700w, http:\/\/www.rincondelbulla.cl\/portal\/wp-content\/uploads\/2013\/10\/91a2cbd3734d991ccf6d588c0cf42602-300x200.jpg 300w, http:\/\/www.rincondelbulla.cl\/portal\/wp-content\/uploads\/2013\/10\/91a2cbd3734d991ccf6d588c0cf42602-696x464.jpg 696w, http:\/\/www.rincondelbulla.cl\/portal\/wp-content\/uploads\/2013\/10\/91a2cbd3734d991ccf6d588c0cf42602-630x420.jpg 630w\" sizes=\"auto, (max-width: 700px) 100vw, 700px\" \/><figcaption id=\"caption-attachment-5178\" class=\"wp-caption-text\">Foto: Claudio C\u00e1ceres<\/figcaption><\/figure>\n<p><p style=\"font: normal normal normal 12px\/normal Helvetica; margin: 0px;\"><strong>Con la casi segura clasificaci\u00f3n de Chile&nbsp; al Mundial de Brasil 2014, el Torneo Nacional volver\u00e1 a tomarse la pantalla, en esta ocasi\u00f3n Universidad de Chile deber\u00e1 visitar a Deportes Iquique en lo que ser\u00e1 la 11\u00ba fecha del certamen. <!--more--> <\/strong><\/p>\n<p style=\"font: normal normal normal 12px\/normal Helvetica; margin: 0px;\"><strong>&nbsp;<\/strong><\/p>\n<p style=\"font: normal normal normal 12px\/normal Helvetica; margin: 0px;\"><strong><\/strong>Este s\u00e1bado vuelve a la competencia nacional el equipo azul. Los dirigidos por Marco Antonio Figueroa deber\u00e1 enfrentar a siempre complicado Deportes Iquique en el Estadio Tierra de campeones.<\/p>\n<p style=\"font: normal normal normal 12px\/normal Helvetica; margin: 0px;\">&nbsp;<\/p>\n<p style=\"font: normal normal normal 12px\/normal Helvetica; margin: 0px;\">En este contexto es que la dirigencia de los Dragones pondr\u00e1 a la venta de manera especial los tickets para hinchada azul a partir de este jueves.<\/p>\n<p style=\"margin-top: 0px; margin-right: 0px; margin-bottom: 12px; margin-left: 0px; text-align: justify; font: normal normal normal 12px\/normal Arial;\">&nbsp;<\/p>\n<p style=\"margin-top: 0px; margin-right: 0px; margin-bottom: 12px; margin-left: 0px; text-align: justify; font: normal normal normal 12px\/normal Arial;\">\u201cLa venta normal para p\u00fablico general (hinchas de Iquique sin preventa e hinchas de Universidad de Chile), comenzar\u00e1 el jueves y se extender\u00e1 hasta el mismo s\u00e1bado, con puntos de venta en Zofri (jueves y viernes) y Casa del Deportista (s\u00e1bado).\u201d, se\u00f1alaron los del norte.<\/p>\n<p style=\"margin-top: 0px; margin-right: 0px; margin-bottom: 12px; margin-left: 0px; text-align: justify; font: normal normal normal 12px\/normal Arial;\">Tambi\u00e9n indicaron que en las localidades preferenciales como Andes y Tribuna marquesina, existir\u00e1n restricciones para todos los hinchas azules que pretendan hacer ingreso a estos sectores con&nbsp; la camiseta del club laico.<\/p>\n<p style=\"margin-top: 0px; margin-right: 0px; margin-bottom: 12px; margin-left: 0px; text-align: justify; font: normal normal normal 12px\/normal Arial;\">\u201cImportante mencionar, que no se permitir\u00e1 el ingreso a hinchas con camiseta de Universidad de Chile al sector de Andes, por lo que el total de venta de entradas para ese sector corresponde a hinchas locales.Finalmente, no se vender\u00e1n entradas Marquesina para p\u00fablico general\u201d , indicaron.<\/p>\n<p style=\"margin-top: 0px; margin-right: 0px; margin-bottom: 12px; margin-left: 0px; text-align: justify; font: normal normal normal 12px\/normal Arial;\">Finalmente agregaron que no se vender\u00e1n entradas Marquesina para p\u00fablico general.<\/p>\n<p style=\"margin-top: 0px; margin-right: 0px; margin-bottom: 12px; margin-left: 0px; text-align: justify; font: normal normal normal 12px\/normal Arial;\">Los valores y horarios de venta de entradas son los siguientes:<\/p>\n<p style=\"margin-top: 0px; margin-right: 0px; margin-bottom: 12px; margin-left: 0px; text-align: justify; text-indent: 25px; font: normal normal normal 12px\/normal Verdana;\"><strong>Preventa hinchas Deportes Iquique (solo mi\u00e9rcoles 16):&nbsp;<\/strong><\/p>\n<p style=\"margin-top: 0px; margin-right: 0px; margin-bottom: 12px; margin-left: 0px; text-align: justify; text-indent: 25px; font: normal normal normal 12px\/normal Verdana;\">Galer\u00eda: $6 mil.<\/p>\n<p style=\"margin-top: 0px; margin-right: 0px; margin-bottom: 12px; margin-left: 0px; text-align: justify; text-indent: 25px; font: normal normal normal 12px\/normal Verdana;\">Andes: $8 mil.<\/p>\n<p style=\"margin-top: 0px; margin-right: 0px; margin-bottom: 12px; margin-left: 0px; text-align: justify; text-indent: 25px; font: normal normal normal 12px\/normal Verdana;\">Pac\u00edfico: $16 mil.<\/p>\n<p style=\"margin-top: 0px; margin-right: 0px; margin-bottom: 12px; margin-left: 0px; text-align: justify; text-indent: 25px; font: normal normal normal 12px\/normal Verdana;\"><strong>Venta p\u00fablico general (jueves a s\u00e1bado)<\/strong><\/p>\n<p style=\"margin-top: 0px; margin-right: 0px; margin-bottom: 12px; margin-left: 0px; text-align: justify; text-indent: 25px; font: normal normal normal 12px\/normal Verdana;\">Galer\u00eda local\/visitante: $8 mil.<\/p>\n<p style=\"margin-top: 0px; margin-right: 0px; margin-bottom: 12px; margin-left: 0px; text-align: justify; text-indent: 25px; font: normal normal normal 12px\/normal Verdana;\">Andes: $10 mil (no se permitir\u00e1 ingreso de hinchas con camiseta de Universidad de Chile a este sector).<\/p>\n<p style=\"margin-top: 0px; margin-right: 0px; margin-bottom: 12px; margin-left: 0px; text-align: justify; text-indent: 25px; font: normal normal normal 12px\/normal Verdana;\">Pac\u00edfico: $20 mil.<\/p>\n<p style=\"margin-top: 0px; margin-right: 0px; margin-bottom: 12px; margin-left: 0px; text-align: justify; text-indent: 25px; font: normal normal normal 12px\/normal Verdana;\">Pac\u00edfico Ni\u00f1o: $10 mil.<\/p><\/p>\n","protected":false},"excerpt":{"rendered":"<p>Con la casi segura clasificaci\u00f3n de Chile&nbsp; al Mundial de Brasil 2014, el Torneo Nacional volver\u00e1 a tomarse la pantalla, en esta ocasi\u00f3n Universidad de Chile deber\u00e1 visitar a Deportes Iquique en lo que ser\u00e1 la 11\u00ba fecha del certamen.<\/p>\n","protected":false},"author":56,"featured_media":5178,"comment_status":"open","ping_status":"open","sticky":false,"template":"","format":"standard","meta":{"footnotes":""},"categories":[18],"tags":[454,169,156,83],"class_list":{"0":"post-3576","1":"post","2":"type-post","3":"status-publish","4":"format-standard","5":"has-post-thumbnail","7":"category-actualidad","8":"tag-actualidad","9":"tag-torneo-de-apertura-2013","10":"tag-universidad-de-chile","11":"tag-venta-de-entradas"},"_links":{"self":[{"href":"http:\/\/www.rincondelbulla.cl\/portal\/wp-json\/wp\/v2\/posts\/3576","targetHints":{"allow":["GET"]}}],"collection":[{"href":"http:\/\/www.rincondelbulla.cl\/portal\/wp-json\/wp\/v2\/posts"}],"about":[{"href":"http:\/\/www.rincondelbulla.cl\/portal\/wp-json\/wp\/v2\/types\/post"}],"author":[{"embeddable":true,"href":"http:\/\/www.rincondelbulla.cl\/portal\/wp-json\/wp\/v2\/users\/56"}],"replies":[{"embeddable":true,"href":"http:\/\/www.rincondelbulla.cl\/portal\/wp-json\/wp\/v2\/comments?post=3576"}],"version-history":[{"count":0,"href":"http:\/\/www.rincondelbulla.cl\/portal\/wp-json\/wp\/v2\/posts\/3576\/revisions"}],"wp:featuredmedia":[{"embeddable":true,"href":"http:\/\/www.rincondelbulla.cl\/portal\/wp-json\/wp\/v2\/media\/5178"}],"wp:attachment":[{"href":"http:\/\/www.rincondelbulla.cl\/portal\/wp-json\/wp\/v2\/media?parent=3576"}],"wp:term":[{"taxonomy":"category","embeddable":true,"href":"http:\/\/www.rincondelbulla.cl\/portal\/wp-json\/wp\/v2\/categories?post=3576"},{"taxonomy":"post_tag","embeddable":true,"href":"http:\/\/www.rincondelbulla.cl\/portal\/wp-json\/wp\/v2\/tags?post=3576"}],"curies":[{"name":"wp","href":"https:\/\/api.w.org\/{rel}","templated":true}]}}