{"id":3577,"date":"2013-10-20T03:25:20","date_gmt":"2013-10-20T03:25:20","guid":{"rendered":"http:\/\/www.rincondelbulla.cl\/portal\/?p=3577"},"modified":"2013-10-20T03:25:20","modified_gmt":"2013-10-20T03:25:20","slug":"tres-puntos-de-oro-para-seguir-en-carrera","status":"publish","type":"post","link":"http:\/\/www.rincondelbulla.cl\/portal\/2013\/10\/20\/tres-puntos-de-oro-para-seguir-en-carrera\/","title":{"rendered":"Tres puntos de oro para seguir en carrera"},"content":{"rendered":"<figure id=\"attachment_5179\" aria-describedby=\"caption-attachment-5179\" style=\"width: 619px\" class=\"wp-caption alignnone\"><img loading=\"lazy\" decoding=\"async\" class=\" size-full wp-image-5179\" src=\"http:\/\/www.rincondelbulla.cl\/portal\/wp-content\/uploads\/2013\/10\/3d0223fe058256f9567f62217dd299ae.jpg\" alt=\"Foto: agencia UNO\" class=\"caption\" title=\"El orgullo de Charles por ser azul\" width=\"619\" height=\"464\" srcset=\"http:\/\/www.rincondelbulla.cl\/portal\/wp-content\/uploads\/2013\/10\/3d0223fe058256f9567f62217dd299ae.jpg 619w, http:\/\/www.rincondelbulla.cl\/portal\/wp-content\/uploads\/2013\/10\/3d0223fe058256f9567f62217dd299ae-300x225.jpg 300w, http:\/\/www.rincondelbulla.cl\/portal\/wp-content\/uploads\/2013\/10\/3d0223fe058256f9567f62217dd299ae-80x60.jpg 80w, http:\/\/www.rincondelbulla.cl\/portal\/wp-content\/uploads\/2013\/10\/3d0223fe058256f9567f62217dd299ae-265x198.jpg 265w, http:\/\/www.rincondelbulla.cl\/portal\/wp-content\/uploads\/2013\/10\/3d0223fe058256f9567f62217dd299ae-560x420.jpg 560w\" sizes=\"auto, (max-width: 619px) 100vw, 619px\" \/><figcaption id=\"caption-attachment-5179\" class=\"wp-caption-text\">El orgullo de Charles por ser azul<\/figcaption><\/figure>\n<p style=\"text-align: justify;\"><strong><span style=\"font-family: Arial, sans-serif;\">Universidad de Chile volvi\u00f3 al triunfo y con ello trepa en la tabla de ubicaciones y sigue so\u00f1ando con un nuevo t\u00edtulo. Los azules golearon a Iquique en el norte con gran actuaci\u00f3n de Charles Ar\u00e1nguiz y llegan con buena cara al cl\u00e1sico universitario del pr\u00f3ximo domingo.<i><\/i><\/span><\/strong><\/p>\n<p style=\"text-align: justify;\"><strong><span style=\"font-family: Arial, sans-serif;\"> <!--more--> <\/span><\/strong><\/p>\n<p style=\"text-align: justify;\"><span style=\"font-family: Arial, sans-serif;\">En un horario veraniego la U sal\u00eda a la cancha del \u201cTierra de campeones\u201d buscando, precisamente, seguir en carrera en la lucha por el t\u00edtulo, sin embargo el rival se esperaba como un dif\u00edcil escollo, por sus \u00faltimas campa\u00f1as y su presente. <\/span><\/p>\n<p style=\"text-align: justify;\"><span style=\"font-family: Arial, sans-serif;\">Como se esperaba el comienzo del partido fue algo trabado, sin muchas llegadas de ninguno de los dos equipos y se notaba el estudio que ambos hac\u00edan de su rival. Las m\u00e1s claras eran para los azules pero nada trascendente.<\/span><\/p>\n<p style=\"text-align: justify;\"><span style=\"font-family: Arial, sans-serif;\">Esto hasta los 37 minutos. Falta sobre Farf\u00e1n a la entrada del \u00e1rea y tiro libre para la U, Ar\u00e1nguiz se para frente al bal\u00f3n y, como con la mano, la ubica en un rinc\u00f3n imposible para el portero Naranjo. 0-1 el marcador y el equipo de Figueroa empezaba a asegurar los 3 puntos.<\/span><\/p>\n<p style=\"text-align: justify;\"><span style=\"font-family: Arial, sans-serif;\">La segunda fracci\u00f3n comenz\u00f3 con una U m\u00e1s volcada al ataque, para cerrar el partido definitivamente, sabiendo que en cualquier contra los iquique\u00f1os pod\u00edan hacer da\u00f1o. Un par de jugadas de peligro de Ubilla podr\u00edan haber entregado tranquilidad sin embargo se equivoc\u00f3 al definir. Pero a los 70 minutos se sanciona otro tiro libre a favor de los azules y, nuevamente, Charles Ar\u00e1nguiz se par\u00f3 frente a la redonda aunque esta vez con mayor distancia. Pero ni la distancia, ni la barrera, ni el portero fueron impedimento para que \u201cEl Pr\u00edncipe\u201d la clavara en un \u00e1ngulo y decretara el 0-2 en una noche perfecta para el hombre de Puente Alto y se comenzar\u00e1 a cerrar el duelo.<\/span><\/p>\n<p style=\"text-align: justify;\"><span style=\"font-family: Arial, sans-serif;\">Y a\u00fan quedaba m\u00e1s. Tras una serie de rebotes a los 80\u2019 Isaac D\u00edaz, quien ingres\u00f3 por Rubio, remat\u00f3 e infl\u00f3 las redes para decretar el 0-3 definitivo en la tierra de leones.<\/span><\/p>\n<p style=\"text-align: justify;\"><span style=\"font-family: Arial, sans-serif;\">Para el lamento quedar\u00e1 la fractura nasal de Rub\u00e9n Farf\u00e1n tras recibir un pelotazo dur\u00edsimo.<\/span><\/p>\n<p style=\"text-align: justify;\"><span style=\"font-family: Arial, sans-serif;\">La U sigue en la lucha y se viene un partido de 6 puntos la pr\u00f3xima fecha frente a Universidad Cat\u00f3lica (en primera instancia programado para el domingo al medio d\u00eda) en una nueva versi\u00f3n del cl\u00e1sico universitario donde, como el \u00faltimo tiempo, se dar\u00e1 la t\u00f3nica que el que gana comienza a so\u00f1ar y el que pierde empieza a quedarse en el camino.<\/span><\/p>\n<p style=\"text-align: justify;\"><span style=\"font-family: Arial, sans-serif;\">Es de esperar que de una vez por todas los azules encuentren regularidad y se pueda derrotar a un equipo que hoy mostr\u00f3 serias falencias defensivas y que recibi\u00f3 bastante ayuda para quedarse con el triunfo en su partido (de local ante Santiago Wanderers).<\/span><\/p>\n<p style=\"text-align: justify;\"><span style=\"font-family: Arial, sans-serif;\">Los azules cuando quieres, pueden y como todos queremos esperemos que la pr\u00f3xima semana podamos, todos juntos, para lograr una nueva estrella en el firmamento azul.<\/span><\/p>\n","protected":false},"excerpt":{"rendered":"<p>Universidad de Chile volvi\u00f3 al triunfo y con ello trepa en la tabla de ubicaciones y sigue so\u00f1ando con un nuevo t\u00edtulo. Los azules golearon a Iquique en el norte con gran actuaci\u00f3n de Charles Ar\u00e1nguiz y llegan con buena cara al cl\u00e1sico universitario del pr\u00f3ximo domingo.<\/p>\n","protected":false},"author":57,"featured_media":5179,"comment_status":"open","ping_status":"open","sticky":false,"template":"","format":"standard","meta":{"footnotes":""},"categories":[18],"tags":[],"class_list":{"0":"post-3577","1":"post","2":"type-post","3":"status-publish","4":"format-standard","5":"has-post-thumbnail","7":"category-actualidad"},"_links":{"self":[{"href":"http:\/\/www.rincondelbulla.cl\/portal\/wp-json\/wp\/v2\/posts\/3577","targetHints":{"allow":["GET"]}}],"collection":[{"href":"http:\/\/www.rincondelbulla.cl\/portal\/wp-json\/wp\/v2\/posts"}],"about":[{"href":"http:\/\/www.rincondelbulla.cl\/portal\/wp-json\/wp\/v2\/types\/post"}],"author":[{"embeddable":true,"href":"http:\/\/www.rincondelbulla.cl\/portal\/wp-json\/wp\/v2\/users\/57"}],"replies":[{"embeddable":true,"href":"http:\/\/www.rincondelbulla.cl\/portal\/wp-json\/wp\/v2\/comments?post=3577"}],"version-history":[{"count":0,"href":"http:\/\/www.rincondelbulla.cl\/portal\/wp-json\/wp\/v2\/posts\/3577\/revisions"}],"wp:featuredmedia":[{"embeddable":true,"href":"http:\/\/www.rincondelbulla.cl\/portal\/wp-json\/wp\/v2\/media\/5179"}],"wp:attachment":[{"href":"http:\/\/www.rincondelbulla.cl\/portal\/wp-json\/wp\/v2\/media?parent=3577"}],"wp:term":[{"taxonomy":"category","embeddable":true,"href":"http:\/\/www.rincondelbulla.cl\/portal\/wp-json\/wp\/v2\/categories?post=3577"},{"taxonomy":"post_tag","embeddable":true,"href":"http:\/\/www.rincondelbulla.cl\/portal\/wp-json\/wp\/v2\/tags?post=3577"}],"curies":[{"name":"wp","href":"https:\/\/api.w.org\/{rel}","templated":true}]}}