{"id":3578,"date":"2013-10-26T11:16:34","date_gmt":"2013-10-26T11:16:34","guid":{"rendered":"http:\/\/www.rincondelbulla.cl\/portal\/?p=3578"},"modified":"2014-08-30T18:22:27","modified_gmt":"2014-08-30T18:22:27","slug":"la-previa-la-u-buscara-ante-la-uc-seguir-en-la-lucha-por-el-titulo","status":"publish","type":"post","link":"http:\/\/www.rincondelbulla.cl\/portal\/2013\/10\/26\/la-previa-la-u-buscara-ante-la-uc-seguir-en-la-lucha-por-el-titulo\/","title":{"rendered":"La previa: La \u201cU\u201d buscar\u00e1 ante la UC seguir en la lucha por el t\u00edtulo"},"content":{"rendered":"<figure id=\"attachment_5180\" aria-describedby=\"caption-attachment-5180\" style=\"width: 700px\" class=\"wp-caption alignnone\"><img loading=\"lazy\" decoding=\"async\" class=\"caption\" title=\"Foto: Claudio C\u00e1ceres\" src=\"http:\/\/www.rincondelbulla.cl\/portal\/wp-content\/uploads\/2013\/10\/410c9434c4dba55fe75434212a73bf09.jpg\" alt=\"\" width=\"700\" height=\"467\" \/><figcaption id=\"caption-attachment-5180\" class=\"wp-caption-text\">Foto: Claudio C\u00e1ceres<\/figcaption><\/figure>\n<p style=\"text-align: justify; font: normal normal normal 11px\/normal Calibri; margin: 0px 0px 8px 0px;\"><span style=\"font-size: 12pt; font-family: 'times new roman', times;\"><strong>Luego de volver al triunfo ante Iquique, la \u201cU\u201d comenzar\u00e1 a encarar la recta final del torneo con la obligaci\u00f3n de ganarle el cl\u00e1sico Universitario \u00a0a la UC. <!--more--> <\/strong><strong>Por Enrique Moreno | @EnriqueMorenoS<\/strong><\/span><\/p>\n<p style=\"text-align: justify; font: normal normal normal 11px\/normal Calibri; margin: 0px 0px 8px 0px;\"><span style=\"font-size: 12pt; font-family: 'times new roman', times;\">Como ya se est\u00e1 haciendo habitual en los cl\u00e1sicos, azules y cruzados se enfrentar\u00e1n al mediod\u00eda del domingo en el Estadio Nacional por la duod\u00e9cima fecha del Apertura.<\/span><\/p>\n<p style=\"text-align: justify; font: normal normal normal 11px\/normal Calibri; margin: 0px 0px 8px 0px;\"><span style=\"font-size: 12pt; font-family: 'times new roman', times;\">El Rom\u00e1ntico Viajero viene de obtener un s\u00f3lido triunfo por 3-0 en el norte ante Iquique, mientras que la UC viene de caer por 4-3 ante Sao Paulo por la Copa Sudamericana, pero jugando a\u00a0 un gran nivel, por lo que se espera que en el partido se vea buen f\u00fatbol.<\/span><\/p>\n<p style=\"text-align: justify; font: normal normal normal 11px\/normal Calibri; margin: 0px 0px 8px 0px;\"><span style=\"font-size: 12pt; font-family: 'times new roman', times;\">La \u201cU\u201d tendr\u00e1 una inmejorable chance de ganar y meterse en la punta, quedando a s\u00f3lo dos puntos de Cat\u00f3lica. Por el contrario, de perder, la distancia ser\u00eda casi irremontable, d\u00e1ndose por cerrada su participaci\u00f3n en el torno.<\/span><\/p>\n<p style=\"text-align: justify; font: normal normal normal 11px\/normal Calibri; margin: 0px 0px 8px 0px;\"><span style=\"font-size: 12pt; font-family: 'times new roman', times;\"><strong>Formaciones de los equipos<\/strong><\/span><\/p>\n<p style=\"text-align: justify; font: normal normal normal 11px\/normal Calibri; margin: 0px 0px 8px 0px;\"><span style=\"font-size: 12pt; font-family: 'times new roman', times;\">En el cuadro azul ser\u00e1n novedades Igor Lichnovsky, quien reemplazar\u00e1 al resentido Osvaldo Gonz\u00e1lez, mientras que tambi\u00e9n repite en la titularidad Marcelo Jorquera, quien le vuelve a ganar la pulseada a Roberto Cereceda.<\/span><\/p>\n<p style=\"text-align: justify; font: normal normal normal 11px\/normal Calibri; margin: 0px 0px 8px 0px;\"><span style=\"font-size: 12pt; font-family: 'times new roman', times;\">As\u00ed, el once inicial con que saldr\u00eda el equipo de Marco Antonio Figueroa ser\u00eda con Johnny Herrera; Paulo Magalhaes, Igor Lichnovsky, Jos\u00e9 Rojas; Charles Ar\u00e1nguiz, Sebasti\u00e1n Mart\u00ednez, Juan Rodrigo Rojas, Marcelo Jorquera; Gustavo Lorenzetti; Sebasti\u00e1n Ubilla y Patricio Rubio.<\/span><\/p>\n<p style=\"text-align: justify; font: normal normal normal 11px\/normal Calibri; margin: 0px 0px 8px 0px;\"><span style=\"font-size: 12pt; font-family: 'times new roman', times;\">En tanto, el uruguayo Mart\u00edn Lasarte tambi\u00e9n tendr\u00eda definida su oncena, la que ser\u00eda con Cristopher Toselli; Cristi\u00e1n \u00c1lvarez, Enzo And\u00eda, Hans Mart\u00ednez, Alfonso Parot; Fernando Meneses, Milovan Mirosevic, Tom\u00e1s Costa, Fernando Cordero; Ismael Sosa y Nicol\u00e1s Castillo.<\/span><\/p>\n<p style=\"text-align: justify; font: normal normal normal 11px\/normal Calibri; margin: 0px 0px 8px 0px;\"><span style=\"font-size: 12pt; font-family: 'times new roman', times;\"><strong>Estad\u00edstica<\/strong><\/span><\/p>\n<p style=\"text-align: justify; font: normal normal normal 11px\/normal Calibri; margin: 0px 0px 8px 0px;\"><span style=\"font-size: 12pt; font-family: 'times new roman', times;\">Laicos y cat\u00f3licos se han enfrentado en 176 oportunidades por el torneo nacional, donde la \u201cU\u201d ejerce una clara paternidad: 65 ganados, 60 empatados y 51 perdidos, con 257 goles a favor, 230 en contra y un 54% de rendimiento.<\/span><\/p>\n<p style=\"text-align: justify; font: normal normal normal 11px\/normal Calibri; margin: 0px 0px 8px 0px;\"><span style=\"font-size: 12pt; font-family: 'times new roman', times;\">La \u00faltima vez que se enfrentaron fue el 19 de mayo en San Carlos de Apoquindo con triunfo de la UC por 3-0. En tanto, en el Nacional no se enfrentan desde el 4 de noviembre 2012, partido en que igualaron sin goles.<\/span><\/p>\n<p style=\"text-align: justify; font: normal normal normal 11px\/normal Calibri; margin: 0px 0px 8px 0px;\"><span style=\"font-size: 12pt; font-family: 'times new roman', times;\"><strong>Entradas y transmisi\u00f3n<\/strong><\/span><\/p>\n<p style=\"text-align: justify; font: normal normal normal 11px\/normal Calibri; margin: 0px 0px 8px 0px;\"><span style=\"font-size: 12pt; font-family: 'times new roman', times;\">Para el partido de este domingo ya se encuentran totalmente agotadas las entradas para los sectores de galer\u00eda sur y norte, Andes y Bajo Marquesina, quedando a disposici\u00f3n s\u00f3lo unas pocas para el sector Fuera Marquesina. Dichas entradas se pueden adquirir en la p\u00e1gina web daleticket.cl a un precio de $25.000 (c\u00f3digo promocional: leones).<\/span><\/p>\n<p style=\"text-align: justify; font: normal normal normal 11px\/normal Calibri; margin: 0px 0px 8px 0px;\"><span style=\"font-size: 12pt; font-family: 'times new roman', times;\">El encuentro ser\u00e1 dirigido por Enrique Osses, y lo transmitir\u00e1 por CDF Premium y HD con una hora de previa, como tambi\u00e9n podr\u00e1s seguir el minuto a minuto en el fan page de Rinc\u00f3n del Bulla.<\/span><\/p>\n<div><\/div>\n","protected":false},"excerpt":{"rendered":"<p>Luego de volver al triunfo ante Iquique, la \u201cU\u201d comenzar\u00e1 a encarar la recta final del torneo con la obligaci\u00f3n de ganarle el cl\u00e1sico Universitario \u00a0a la UC.<\/p>\n","protected":false},"author":56,"featured_media":5180,"comment_status":"open","ping_status":"open","sticky":false,"template":"","format":"standard","meta":{"footnotes":""},"categories":[18],"tags":[454,164,71,102,156],"class_list":{"0":"post-3578","1":"post","2":"type-post","3":"status-publish","4":"format-standard","5":"has-post-thumbnail","7":"category-actualidad","8":"tag-actualidad","9":"tag-apertura-2013-2014","10":"tag-clasico-universitario","11":"tag-los-de-abajo","12":"tag-universidad-de-chile"},"_links":{"self":[{"href":"http:\/\/www.rincondelbulla.cl\/portal\/wp-json\/wp\/v2\/posts\/3578","targetHints":{"allow":["GET"]}}],"collection":[{"href":"http:\/\/www.rincondelbulla.cl\/portal\/wp-json\/wp\/v2\/posts"}],"about":[{"href":"http:\/\/www.rincondelbulla.cl\/portal\/wp-json\/wp\/v2\/types\/post"}],"author":[{"embeddable":true,"href":"http:\/\/www.rincondelbulla.cl\/portal\/wp-json\/wp\/v2\/users\/56"}],"replies":[{"embeddable":true,"href":"http:\/\/www.rincondelbulla.cl\/portal\/wp-json\/wp\/v2\/comments?post=3578"}],"version-history":[{"count":1,"href":"http:\/\/www.rincondelbulla.cl\/portal\/wp-json\/wp\/v2\/posts\/3578\/revisions"}],"predecessor-version":[{"id":5448,"href":"http:\/\/www.rincondelbulla.cl\/portal\/wp-json\/wp\/v2\/posts\/3578\/revisions\/5448"}],"wp:featuredmedia":[{"embeddable":true,"href":"http:\/\/www.rincondelbulla.cl\/portal\/wp-json\/wp\/v2\/media\/5180"}],"wp:attachment":[{"href":"http:\/\/www.rincondelbulla.cl\/portal\/wp-json\/wp\/v2\/media?parent=3578"}],"wp:term":[{"taxonomy":"category","embeddable":true,"href":"http:\/\/www.rincondelbulla.cl\/portal\/wp-json\/wp\/v2\/categories?post=3578"},{"taxonomy":"post_tag","embeddable":true,"href":"http:\/\/www.rincondelbulla.cl\/portal\/wp-json\/wp\/v2\/tags?post=3578"}],"curies":[{"name":"wp","href":"https:\/\/api.w.org\/{rel}","templated":true}]}}