{"id":3580,"date":"2013-10-28T18:44:41","date_gmt":"2013-10-28T18:44:41","guid":{"rendered":"http:\/\/www.rincondelbulla.cl\/portal\/?p=3580"},"modified":"2013-10-28T18:44:41","modified_gmt":"2013-10-28T18:44:41","slug":"galeria-fotografica-universidad-de-chile-vs-universidad-catolica","status":"publish","type":"post","link":"http:\/\/www.rincondelbulla.cl\/portal\/2013\/10\/28\/galeria-fotografica-universidad-de-chile-vs-universidad-catolica\/","title":{"rendered":"Galer\u00eda fotogr\u00e1fica: Universidad de Chile vs Universidad Cat\u00f3lica"},"content":{"rendered":"<figure id=\"attachment_5181\" aria-describedby=\"caption-attachment-5181\" style=\"width: 700px\" class=\"wp-caption alignnone\"><img loading=\"lazy\" decoding=\"async\" class=\" size-full wp-image-5181\" src=\"http:\/\/www.rincondelbulla.cl\/portal\/wp-content\/uploads\/2013\/10\/f690acfc4b6d6833ddc60956175f9044.jpg\" alt=\"\" class=\"caption\" title=\"Foto: Patricio Gonz\u00e1lez\" width=\"700\" height=\"467\" srcset=\"http:\/\/www.rincondelbulla.cl\/portal\/wp-content\/uploads\/2013\/10\/f690acfc4b6d6833ddc60956175f9044.jpg 700w, http:\/\/www.rincondelbulla.cl\/portal\/wp-content\/uploads\/2013\/10\/f690acfc4b6d6833ddc60956175f9044-300x200.jpg 300w, http:\/\/www.rincondelbulla.cl\/portal\/wp-content\/uploads\/2013\/10\/f690acfc4b6d6833ddc60956175f9044-696x464.jpg 696w, http:\/\/www.rincondelbulla.cl\/portal\/wp-content\/uploads\/2013\/10\/f690acfc4b6d6833ddc60956175f9044-630x420.jpg 630w\" sizes=\"auto, (max-width: 700px) 100vw, 700px\" \/><figcaption id=\"caption-attachment-5181\" class=\"wp-caption-text\">Foto: Patricio Gonz\u00e1lez<\/figcaption><\/figure>\n<p>Im\u00e1genes del Cl\u00e1sico Universitario. <!--more--> {artcolorbox picasaUser=\u00bb116683337333273392215&#8243; picasaAlbum=\u00bbApertura20132014UniversidadDeChileVsSantiagoWanderers\u00bb<span style=\"line-height: 14px; font-family: 'lucida grande', tahoma, verdana, arial, sans-serif;\">&nbsp;previewWidth=\u00bb102&#8243; previewHeight=\u00bb68&#8243;<\/span>\/}<\/p>\n","protected":false},"excerpt":{"rendered":"<p>Im\u00e1genes del Cl\u00e1sico Universitario.<\/p>\n","protected":false},"author":59,"featured_media":5181,"comment_status":"open","ping_status":"open","sticky":false,"template":"","format":"standard","meta":{"footnotes":""},"categories":[22],"tags":[170,47,156],"class_list":{"0":"post-3580","1":"post","2":"type-post","3":"status-publish","4":"format-standard","5":"has-post-thumbnail","7":"category-galerias-fotograficas","8":"tag-clasico","9":"tag-galeria-fotografica","10":"tag-universidad-de-chile"},"_links":{"self":[{"href":"http:\/\/www.rincondelbulla.cl\/portal\/wp-json\/wp\/v2\/posts\/3580","targetHints":{"allow":["GET"]}}],"collection":[{"href":"http:\/\/www.rincondelbulla.cl\/portal\/wp-json\/wp\/v2\/posts"}],"about":[{"href":"http:\/\/www.rincondelbulla.cl\/portal\/wp-json\/wp\/v2\/types\/post"}],"author":[{"embeddable":true,"href":"http:\/\/www.rincondelbulla.cl\/portal\/wp-json\/wp\/v2\/users\/59"}],"replies":[{"embeddable":true,"href":"http:\/\/www.rincondelbulla.cl\/portal\/wp-json\/wp\/v2\/comments?post=3580"}],"version-history":[{"count":0,"href":"http:\/\/www.rincondelbulla.cl\/portal\/wp-json\/wp\/v2\/posts\/3580\/revisions"}],"wp:featuredmedia":[{"embeddable":true,"href":"http:\/\/www.rincondelbulla.cl\/portal\/wp-json\/wp\/v2\/media\/5181"}],"wp:attachment":[{"href":"http:\/\/www.rincondelbulla.cl\/portal\/wp-json\/wp\/v2\/media?parent=3580"}],"wp:term":[{"taxonomy":"category","embeddable":true,"href":"http:\/\/www.rincondelbulla.cl\/portal\/wp-json\/wp\/v2\/categories?post=3580"},{"taxonomy":"post_tag","embeddable":true,"href":"http:\/\/www.rincondelbulla.cl\/portal\/wp-json\/wp\/v2\/tags?post=3580"}],"curies":[{"name":"wp","href":"https:\/\/api.w.org\/{rel}","templated":true}]}}