{"id":3585,"date":"2013-11-05T01:18:48","date_gmt":"2013-11-05T01:18:48","guid":{"rendered":"http:\/\/www.rincondelbulla.cl\/portal\/?p=3585"},"modified":"2013-11-05T01:18:48","modified_gmt":"2013-11-05T01:18:48","slug":"el-paragua-juan-rodrigo-rojas-ya-vive-el-super-clasico","status":"publish","type":"post","link":"http:\/\/www.rincondelbulla.cl\/portal\/2013\/11\/05\/el-paragua-juan-rodrigo-rojas-ya-vive-el-super-clasico\/","title":{"rendered":"El  \u00abparagua\u00bb Juan Rodrigo Rojas ya vive el s\u00faper cl\u00e1sico"},"content":{"rendered":"<figure id=\"attachment_5184\" aria-describedby=\"caption-attachment-5184\" style=\"width: 620px\" class=\"wp-caption alignnone\"><img loading=\"lazy\" decoding=\"async\" class=\" size-full wp-image-5184\" src=\"http:\/\/www.rincondelbulla.cl\/portal\/wp-content\/uploads\/2013\/11\/6bd6755a4e7a13862647f8a77aaf84b9.jpg\" alt=\"\" class=\"caption\" title=\"Foto: Google\" width=\"620\" height=\"350\" srcset=\"http:\/\/www.rincondelbulla.cl\/portal\/wp-content\/uploads\/2013\/11\/6bd6755a4e7a13862647f8a77aaf84b9.jpg 620w, http:\/\/www.rincondelbulla.cl\/portal\/wp-content\/uploads\/2013\/11\/6bd6755a4e7a13862647f8a77aaf84b9-300x169.jpg 300w\" sizes=\"auto, (max-width: 620px) 100vw, 620px\" \/><figcaption id=\"caption-attachment-5184\" class=\"wp-caption-text\">Foto: Google<\/figcaption><\/figure>\n<p><p style=\"font: normal normal normal 12px\/normal Helvetica; margin: 0px;\"><strong>El medio campista azul espera lograr un triunfo en la visita de la U al Monumetal el pr\u00f3ximo domingo. <!--more--> <\/strong>Con panoramas distintos llegar\u00e1n Universidad de Chile y Colo Colo al s\u00faper cl\u00e1sico del f\u00fatbol chileno, por una lado los de Pedreros llegan antecedidos por una goleada sufrida a manos de Universidad de Concepci\u00f3n, lo que refleja el mal momento del cuadro de Macul, por otro, Universidad de Chile viene de golear por 3 goles a 0 a Uni\u00f3n Calera.<\/p>\n<p style=\"font: normal normal normal 12px\/normal Helvetica; margin: 0px;\">&nbsp;<\/p>\n<p style=\"font: normal normal normal 12px\/normal Helvetica; margin: 0px;\">En este contexto, Juan Rodrigo Rojas analiz\u00f3 el partido m\u00e1s importante del f\u00fatbol&nbsp; chileno,&nbsp; el guaran\u00ed se\u00f1al\u00f3 que <strong>\u00abEl duelo ante Colo Colo tenemos que disputarlo como una final, y es lo que vamos a hacer\u00bb.<\/strong><\/p>\n<p style=\"font: normal normal normal 12px\/normal Helvetica; margin: 0px;\">&nbsp;<\/p>\n<p style=\"font: normal normal normal 12px\/normal Helvetica; margin: 0px;\">Rojas agreg\u00f3 que este partido representa <strong>\u00bb tres puntos important\u00edsimos que tenemos que tratar de ganarlos, porque nos permitir\u00eda, en el peor de los casos, mantener la tercera posici\u00f3n\u00bb.<\/strong><\/p>\n<p style=\"font: normal normal normal 12px\/normal Helvetica; min-height: 14px; margin: 0px;\">&nbsp;<\/p>\n<p style=\"font: normal normal normal 12px\/normal Helvetica; margin: 0px;\">El \u00abLe\u00f3n\u00bb no entren\u00f3 el d\u00eda de hoy, pero ma\u00f1ana vuelven a los trabajos bajo el mando de Marco Antonio Figueroa para tratar de terminar con los 12 a\u00f1os sin poder ganar en Macul. este domingo a las 12:00 hrs.<\/p><\/p>\n","protected":false},"excerpt":{"rendered":"<p>El medio campista azul espera lograr un triunfo en la visita de la U al Monumetal el pr\u00f3ximo domingo.<\/p>\n","protected":false},"author":56,"featured_media":5184,"comment_status":"open","ping_status":"open","sticky":false,"template":"","format":"standard","meta":{"footnotes":""},"categories":[18],"tags":[454,164,102,44,156],"class_list":{"0":"post-3585","1":"post","2":"type-post","3":"status-publish","4":"format-standard","5":"has-post-thumbnail","7":"category-actualidad","8":"tag-actualidad","9":"tag-apertura-2013-2014","10":"tag-los-de-abajo","11":"tag-superclasico","12":"tag-universidad-de-chile"},"_links":{"self":[{"href":"http:\/\/www.rincondelbulla.cl\/portal\/wp-json\/wp\/v2\/posts\/3585","targetHints":{"allow":["GET"]}}],"collection":[{"href":"http:\/\/www.rincondelbulla.cl\/portal\/wp-json\/wp\/v2\/posts"}],"about":[{"href":"http:\/\/www.rincondelbulla.cl\/portal\/wp-json\/wp\/v2\/types\/post"}],"author":[{"embeddable":true,"href":"http:\/\/www.rincondelbulla.cl\/portal\/wp-json\/wp\/v2\/users\/56"}],"replies":[{"embeddable":true,"href":"http:\/\/www.rincondelbulla.cl\/portal\/wp-json\/wp\/v2\/comments?post=3585"}],"version-history":[{"count":0,"href":"http:\/\/www.rincondelbulla.cl\/portal\/wp-json\/wp\/v2\/posts\/3585\/revisions"}],"wp:featuredmedia":[{"embeddable":true,"href":"http:\/\/www.rincondelbulla.cl\/portal\/wp-json\/wp\/v2\/media\/5184"}],"wp:attachment":[{"href":"http:\/\/www.rincondelbulla.cl\/portal\/wp-json\/wp\/v2\/media?parent=3585"}],"wp:term":[{"taxonomy":"category","embeddable":true,"href":"http:\/\/www.rincondelbulla.cl\/portal\/wp-json\/wp\/v2\/categories?post=3585"},{"taxonomy":"post_tag","embeddable":true,"href":"http:\/\/www.rincondelbulla.cl\/portal\/wp-json\/wp\/v2\/tags?post=3585"}],"curies":[{"name":"wp","href":"https:\/\/api.w.org\/{rel}","templated":true}]}}