{"id":3602,"date":"2013-12-09T23:03:03","date_gmt":"2013-12-09T23:03:03","guid":{"rendered":"http:\/\/www.rincondelbulla.cl\/portal\/?p=3602"},"modified":"2013-12-09T23:03:03","modified_gmt":"2013-12-09T23:03:03","slug":"ya-hay-horarios-para-los-partidos-de-ida-de-la-liguilla","status":"publish","type":"post","link":"http:\/\/www.rincondelbulla.cl\/portal\/2013\/12\/09\/ya-hay-horarios-para-los-partidos-de-ida-de-la-liguilla\/","title":{"rendered":"Ya hay horarios para los partidos de ida de la liguilla"},"content":{"rendered":"<figure id=\"attachment_5199\" aria-describedby=\"caption-attachment-5199\" style=\"width: 700px\" class=\"wp-caption alignnone\"><img loading=\"lazy\" decoding=\"async\" class=\" size-full wp-image-5199\" src=\"http:\/\/www.rincondelbulla.cl\/portal\/wp-content\/uploads\/2013\/12\/b7e5fa46063aa37c2a220660d5f9398a.jpg\" alt=\"\" class=\"caption\" title=\"Foto: Claudio C\u00e1ceres\" width=\"700\" height=\"467\" srcset=\"http:\/\/www.rincondelbulla.cl\/portal\/wp-content\/uploads\/2013\/12\/b7e5fa46063aa37c2a220660d5f9398a.jpg 700w, http:\/\/www.rincondelbulla.cl\/portal\/wp-content\/uploads\/2013\/12\/b7e5fa46063aa37c2a220660d5f9398a-300x200.jpg 300w, http:\/\/www.rincondelbulla.cl\/portal\/wp-content\/uploads\/2013\/12\/b7e5fa46063aa37c2a220660d5f9398a-696x464.jpg 696w, http:\/\/www.rincondelbulla.cl\/portal\/wp-content\/uploads\/2013\/12\/b7e5fa46063aa37c2a220660d5f9398a-630x420.jpg 630w\" sizes=\"auto, (max-width: 700px) 100vw, 700px\" \/><figcaption id=\"caption-attachment-5199\" class=\"wp-caption-text\">Foto: Claudio C\u00e1ceres<\/figcaption><\/figure>\n<p><p style=\"font: normal normal normal 12px\/normal Helvetica; margin: 0px;\"><strong>La ANFP dio a conocer la programaci\u00f3n para los duelos de ida de la pos temporada del torneo de Apertura. <!--more--> <\/strong><\/p>\n<p style=\"font: normal normal normal 12px\/normal Helvetica; margin: 0px;\">&nbsp;<\/p>\n<p style=\"font: normal normal normal 12px\/normal Helvetica; margin: 0px;\">Finalmente ya se conocen los horarios y estadios en donde comenzar\u00e1 a disputarse la Liguilla que dar\u00e1 un cupo para Copa Libertadores y Copa Sudamerica del a\u00f1o 2014.<\/p>\n<p style=\"font: normal normal normal 12px\/normal Helvetica; margin: 0px;\">&nbsp;<\/p>\n<p style=\"font: normal normal normal 12px\/normal Helvetica; margin: 0px;\">Los duelos comenzar\u00e1n a disputarse a contar del d\u00eda viernes 13 y los encargados de abrir este mini torneo ser\u00e1n <strong>Palestino y Universidad de Chile, quienes se medir\u00e1n a partir de las 19:30 hrs. en el Estadio Santa Laura.<\/strong><\/p>\n<p style=\"font: normal normal normal 12px\/normal Helvetica; margin: 0px;\">&nbsp;<\/p>\n<p style=\"font: normal normal normal 12px\/normal Helvetica; margin: 0px;\">Por otro lado Deportes Iquique deber\u00e1 enfrentar al perdedor de la final del Apertura a partir de las 22:00 hrs. del mismo d\u00eda.<\/p><\/p>\n","protected":false},"excerpt":{"rendered":"<p>La ANFP dio a conocer la programaci\u00f3n para los duelos de ida de la pos temporada del torneo de Apertura.<\/p>\n","protected":false},"author":56,"featured_media":5199,"comment_status":"open","ping_status":"open","sticky":false,"template":"","format":"standard","meta":{"footnotes":""},"categories":[18],"tags":[454,164,175,156],"class_list":{"0":"post-3602","1":"post","2":"type-post","3":"status-publish","4":"format-standard","5":"has-post-thumbnail","7":"category-actualidad","8":"tag-actualidad","9":"tag-apertura-2013-2014","10":"tag-liguilla-2014","11":"tag-universidad-de-chile"},"_links":{"self":[{"href":"http:\/\/www.rincondelbulla.cl\/portal\/wp-json\/wp\/v2\/posts\/3602","targetHints":{"allow":["GET"]}}],"collection":[{"href":"http:\/\/www.rincondelbulla.cl\/portal\/wp-json\/wp\/v2\/posts"}],"about":[{"href":"http:\/\/www.rincondelbulla.cl\/portal\/wp-json\/wp\/v2\/types\/post"}],"author":[{"embeddable":true,"href":"http:\/\/www.rincondelbulla.cl\/portal\/wp-json\/wp\/v2\/users\/56"}],"replies":[{"embeddable":true,"href":"http:\/\/www.rincondelbulla.cl\/portal\/wp-json\/wp\/v2\/comments?post=3602"}],"version-history":[{"count":0,"href":"http:\/\/www.rincondelbulla.cl\/portal\/wp-json\/wp\/v2\/posts\/3602\/revisions"}],"wp:featuredmedia":[{"embeddable":true,"href":"http:\/\/www.rincondelbulla.cl\/portal\/wp-json\/wp\/v2\/media\/5199"}],"wp:attachment":[{"href":"http:\/\/www.rincondelbulla.cl\/portal\/wp-json\/wp\/v2\/media?parent=3602"}],"wp:term":[{"taxonomy":"category","embeddable":true,"href":"http:\/\/www.rincondelbulla.cl\/portal\/wp-json\/wp\/v2\/categories?post=3602"},{"taxonomy":"post_tag","embeddable":true,"href":"http:\/\/www.rincondelbulla.cl\/portal\/wp-json\/wp\/v2\/tags?post=3602"}],"curies":[{"name":"wp","href":"https:\/\/api.w.org\/{rel}","templated":true}]}}