{"id":3606,"date":"2013-12-13T19:36:14","date_gmt":"2013-12-13T19:36:14","guid":{"rendered":"http:\/\/www.rincondelbulla.cl\/portal\/?p=3606"},"modified":"2013-12-13T19:36:14","modified_gmt":"2013-12-13T19:36:14","slug":"la-previa-a-dar-el-primer-paso-en-la-liguilla","status":"publish","type":"post","link":"http:\/\/www.rincondelbulla.cl\/portal\/2013\/12\/13\/la-previa-a-dar-el-primer-paso-en-la-liguilla\/","title":{"rendered":"La previa: A dar el primer paso en la liguilla"},"content":{"rendered":"<figure id=\"attachment_5202\" aria-describedby=\"caption-attachment-5202\" style=\"width: 700px\" class=\"wp-caption alignnone\"><img loading=\"lazy\" decoding=\"async\" class=\" size-full wp-image-5202\" src=\"http:\/\/www.rincondelbulla.cl\/portal\/wp-content\/uploads\/2013\/12\/1308b489ed32fd0aa426886e83e15f3c.jpg\" alt=\"\" class=\"caption\" title=\"Fotos: Claudio C\u00e1ceres\" width=\"700\" height=\"467\" srcset=\"http:\/\/www.rincondelbulla.cl\/portal\/wp-content\/uploads\/2013\/12\/1308b489ed32fd0aa426886e83e15f3c.jpg 700w, http:\/\/www.rincondelbulla.cl\/portal\/wp-content\/uploads\/2013\/12\/1308b489ed32fd0aa426886e83e15f3c-300x200.jpg 300w, http:\/\/www.rincondelbulla.cl\/portal\/wp-content\/uploads\/2013\/12\/1308b489ed32fd0aa426886e83e15f3c-696x464.jpg 696w, http:\/\/www.rincondelbulla.cl\/portal\/wp-content\/uploads\/2013\/12\/1308b489ed32fd0aa426886e83e15f3c-630x420.jpg 630w\" sizes=\"auto, (max-width: 700px) 100vw, 700px\" \/><figcaption id=\"caption-attachment-5202\" class=\"wp-caption-text\">Fotos: Claudio C\u00e1ceres<\/figcaption><\/figure>\n<p><p style=\"text-align: justify;\"><strong><span>Los azules comienzan su participaci\u00f3n en la liguilla ante Palestino con el objetivo de hacerse con el cupo para la Copa Libertadores. <!--more--> <\/span><\/strong><strong><span><br \/><\/span><\/strong><\/p>\n<p style=\"text-align: justify;\"><strong><span> <\/p>\n<p style=\"margin-top: 0px; margin-right: 0px; margin-bottom: 8px; margin-left: 0px; text-align: justify; font: normal normal normal 11px\/normal Calibri;\"><strong>Por Enrique Moreno | @EnriqueMorenoS<\/strong><\/p>\n<p style=\"margin-top: 0px; margin-right: 0px; margin-bottom: 8px; margin-left: 0px; text-align: justify; font: normal normal normal 11px\/normal Calibri;\">Universidad de Chile comienza su participaci\u00f3n en la liguilla que otorgar\u00e1 un cupo como \u201cChile 3\u201d a la Copa Libertadores y otro a la Copa Sudamericana para quien salga segundo.<\/p>\n<p style=\"margin-top: 0px; margin-right: 0px; margin-bottom: 8px; margin-left: 0px; text-align: justify; font: normal normal normal 11px\/normal Calibri;\">Desde las 19:30 horas, enfrentar\u00e1 a Palestino en el estadio Santa Laura con el arbitraje de Julio Bascu\u00f1\u00e1n.<\/p>\n<p style=\"margin-top: 0px; margin-right: 0px; margin-bottom: 8px; margin-left: 0px; text-align: justify; font: normal normal normal 11px\/normal Calibri;\"><strong>Formaci\u00f3n de los equipos<\/strong><\/p>\n<p style=\"margin-top: 0px; margin-right: 0px; margin-bottom: 8px; margin-left: 0px; text-align: justify; font: normal normal normal 11px\/normal Calibri;\">El cuadro dirigido por Marco Antonio Figueroa saltar\u00eda a la cancha con Johnny Herrera; Osvaldo Gonz\u00e1lez, Igor Lichnovsky, Jos\u00e9 Rojas; Rub\u00e9n Farf\u00e1n, Sebasti\u00e1n Mart\u00ednez, Juan Rodrigo Rojas,&nbsp; Roberto Cereceda; Gustavo Lorenzetti; Isaac D\u00edaz y Enzo Guti\u00e9rrez.<\/p>\n<p style=\"margin-top: 0px; margin-right: 0px; margin-bottom: 8px; margin-left: 0px; text-align: justify; font: normal normal normal 11px\/normal Calibri;\">En tanto, el cuadro \u00e1rabe dirigido por Emiliano Astorga formar\u00eda con N\u00fa\u00f1ez; D\u00edaz, Contreras, Su\u00e1rez, Ortiz; Rosende, Carrasco, Tamburrini, Valenzuela, L\u00f3pez; Guti\u00e9rrez.<\/p>\n<p style=\"margin-top: 0px; margin-right: 0px; margin-bottom: 8px; margin-left: 0px; text-align: justify; font: normal normal normal 11px\/normal Calibri;\"><strong>Estad\u00edstica<\/strong><\/p>\n<p style=\"margin-top: 0px; margin-right: 0px; margin-bottom: 8px; margin-left: 0px; text-align: justify; font: normal normal normal 11px\/normal Calibri;\">Considerando todas las competiciones oficiales, la \u201cU\u201d y Palestino se han enfrentado en 151 oportunidades, con 72 triunfos azules, 46 empates y 33 derrotas, con 281 goles a favor, 200 en contra y un 63% de rendimiento.<\/p>\n<p style=\"margin-top: 0px; margin-right: 0px; margin-bottom: 8px; margin-left: 0px; text-align: justify; font: normal normal normal 11px\/normal Calibri;\">La \u00faltima vez que ambos equipos se enfrentaron fue por la segunda fecha del Apertura 2013. Aquel d\u00eda fue empate 1-1 en el Nacional, con anotaci\u00f3n de Rub\u00e9n Farf\u00e1n para los azules.<\/p>\n<p style=\"margin-top: 0px; margin-right: 0px; margin-bottom: 8px; margin-left: 0px; text-align: justify; font: normal normal normal 11px\/normal Calibri;\">En tanto, la \u00faltima vez que se enfrentaron por una liguilla fue en el a\u00f1o 2001. El 12 de diciembre jugaron en Santa Laura. Los azules ca\u00edan por 1-0, cuando producto de un proyectil que cay\u00f3 a un juez de l\u00ednea, el partido se suspendi\u00f3 a los 51 minutos. Los minutos restantes se jugaron al d\u00eda siguiente a puertas cerradas y el marcador se mantuvo sin modificaciones.<\/p>\n<p style=\"margin-top: 0px; margin-right: 0px; margin-bottom: 8px; margin-left: 0px; text-align: justify; font: normal normal normal 11px\/normal Calibri;\">Un d\u00eda despu\u00e9s se jugar\u00eda la vuelta. S\u00ed, la \u201cU\u201d jug\u00f3 tres d\u00edas seguidos contra los \u00e1rabes. All\u00ed el Rom\u00e1ntico Viajero se impuso por 2-1 en los 90 minutos y anot\u00f3 el gol de oro en el minuto 108, acabando con el partido y clasific\u00e1ndose a la final. Los goles corrieron por cuenta de Rodrigo Barrera en dos ocasiones y de Flavio Maestri.<\/p>\n<p style=\"margin-top: 0px; margin-right: 0px; margin-bottom: 8px; margin-left: 0px; text-align: justify; font: normal normal normal 11px\/normal Calibri;\"><strong>Entradas y transmisi\u00f3n<\/strong><\/p>\n<p style=\"margin-top: 0px; margin-right: 0px; margin-bottom: 8px; margin-left: 0px; text-align: justify; font: normal normal normal 11px\/normal Calibri;\">Las entradas est\u00e1n a la venta a trav\u00e9s del sistema online de daleticket.cl. Tambi\u00e9n se podr\u00e1n comprar de manera presencial hasta las 20 horas de hoy en boleter\u00edas del Hip\u00f3dromo.<\/p>\n<p style=\"margin-top: 0px; margin-right: 0px; margin-bottom: 8px; margin-left: 0px; text-align: justify; font: normal normal normal 11px\/normal Calibri;\">Los precios son: Galer\u00eda $6.000, Andes $11.000, Tribuna lateral $18.000 y Bajo Marquesina $25.000.<\/p>\n<p style=\"margin-top: 0px; margin-right: 0px; margin-bottom: 8px; margin-left: 0px; text-align: justify; font: normal normal normal 11px\/normal Calibri;\">El partido ser\u00e1 transmitido por CDF Premium y HD desde las 19 horas y tambi\u00e9n podr\u00e1s seguir el minuto a minuto en el fan page de Rinc\u00f3n del Bulla.<\/p>\n<div>&nbsp;<\/div>\n<p> <\/span><\/strong><\/p><\/p>\n","protected":false},"excerpt":{"rendered":"<p>Los azules comienzan su participaci\u00f3n en la liguilla ante Palestino con el objetivo de hacerse con el cupo para la Copa Libertadores.<\/p>\n","protected":false},"author":56,"featured_media":5202,"comment_status":"open","ping_status":"open","sticky":false,"template":"","format":"standard","meta":{"footnotes":""},"categories":[18],"tags":[454,37,175,102,156],"class_list":{"0":"post-3606","1":"post","2":"type-post","3":"status-publish","4":"format-standard","5":"has-post-thumbnail","7":"category-actualidad","8":"tag-actualidad","9":"tag-la-previa","10":"tag-liguilla-2014","11":"tag-los-de-abajo","12":"tag-universidad-de-chile"},"_links":{"self":[{"href":"http:\/\/www.rincondelbulla.cl\/portal\/wp-json\/wp\/v2\/posts\/3606","targetHints":{"allow":["GET"]}}],"collection":[{"href":"http:\/\/www.rincondelbulla.cl\/portal\/wp-json\/wp\/v2\/posts"}],"about":[{"href":"http:\/\/www.rincondelbulla.cl\/portal\/wp-json\/wp\/v2\/types\/post"}],"author":[{"embeddable":true,"href":"http:\/\/www.rincondelbulla.cl\/portal\/wp-json\/wp\/v2\/users\/56"}],"replies":[{"embeddable":true,"href":"http:\/\/www.rincondelbulla.cl\/portal\/wp-json\/wp\/v2\/comments?post=3606"}],"version-history":[{"count":0,"href":"http:\/\/www.rincondelbulla.cl\/portal\/wp-json\/wp\/v2\/posts\/3606\/revisions"}],"wp:featuredmedia":[{"embeddable":true,"href":"http:\/\/www.rincondelbulla.cl\/portal\/wp-json\/wp\/v2\/media\/5202"}],"wp:attachment":[{"href":"http:\/\/www.rincondelbulla.cl\/portal\/wp-json\/wp\/v2\/media?parent=3606"}],"wp:term":[{"taxonomy":"category","embeddable":true,"href":"http:\/\/www.rincondelbulla.cl\/portal\/wp-json\/wp\/v2\/categories?post=3606"},{"taxonomy":"post_tag","embeddable":true,"href":"http:\/\/www.rincondelbulla.cl\/portal\/wp-json\/wp\/v2\/tags?post=3606"}],"curies":[{"name":"wp","href":"https:\/\/api.w.org\/{rel}","templated":true}]}}