{"id":3647,"date":"2014-01-31T18:09:58","date_gmt":"2014-01-31T18:09:58","guid":{"rendered":"http:\/\/www.rincondelbulla.cl\/portal\/?p=3647"},"modified":"2014-01-31T18:09:58","modified_gmt":"2014-01-31T18:09:58","slug":"como-vieron-el-partido-los-paraguayos","status":"publish","type":"post","link":"http:\/\/www.rincondelbulla.cl\/portal\/2014\/01\/31\/como-vieron-el-partido-los-paraguayos\/","title":{"rendered":"\u00bf C\u00f3mo vieron el partido los paraguayos ?"},"content":{"rendered":"<figure id=\"attachment_5236\" aria-describedby=\"caption-attachment-5236\" style=\"width: 700px\" class=\"wp-caption alignnone\"><img loading=\"lazy\" decoding=\"async\" class=\" size-full wp-image-5236\" src=\"http:\/\/www.rincondelbulla.cl\/portal\/wp-content\/uploads\/2014\/01\/70fa253730d563acff95bb9ed1c56e85.jpg\" alt=\"\" class=\"caption\" title=\"Foto: Claudio C\u00e1ceres   \" width=\"700\" height=\"467\" srcset=\"http:\/\/www.rincondelbulla.cl\/portal\/wp-content\/uploads\/2014\/01\/70fa253730d563acff95bb9ed1c56e85.jpg 700w, http:\/\/www.rincondelbulla.cl\/portal\/wp-content\/uploads\/2014\/01\/70fa253730d563acff95bb9ed1c56e85-300x200.jpg 300w, http:\/\/www.rincondelbulla.cl\/portal\/wp-content\/uploads\/2014\/01\/70fa253730d563acff95bb9ed1c56e85-696x464.jpg 696w, http:\/\/www.rincondelbulla.cl\/portal\/wp-content\/uploads\/2014\/01\/70fa253730d563acff95bb9ed1c56e85-630x420.jpg 630w\" sizes=\"auto, (max-width: 700px) 100vw, 700px\" \/><figcaption id=\"caption-attachment-5236\" class=\"wp-caption-text\">Foto: Claudio C\u00e1ceres<\/figcaption><\/figure>\n<p>&nbsp;<\/p>\n<p><strong>Tras el encuentro que gano la U por la cuenta m\u00ednima, los de Guaran\u00ed se refirieron al partido.<\/strong><\/p>\n<p>&nbsp;<\/p>\n<p>  <!--more-->  <\/p>\n<p>&nbsp;<\/p>\n<p><strong>Escrito por: Samyro Chamberline<\/strong><\/p>\n<p>&nbsp;<\/p>\n<p><strong><span class=\"Apple-style-span\" style=\"color: #222222; font-family: Arial; font-size: 13px;\">Fernando Jubero, Entrenador de Guaran\u00ed:<\/span><\/strong><\/p>\n<p style=\"font: normal normal normal 13px\/normal Arial; color: #222222; margin: 0px;\">&nbsp;<\/p>\n<p style=\"font: normal normal normal 13px\/normal Arial; color: #222222; margin: 0px;\"><strong>Sobre el Partido<\/strong><\/p>\n<p style=\"font: normal normal normal 13px\/normal Arial; color: #222222; margin: 0px;\">&nbsp;<\/p>\n<p style=\"font: normal normal normal 13px\/normal Arial; color: #222222; margin: 0px;\">Nosotros sab\u00edamos el tipo de partido que \u00edbamos a tener. Creo que en el primer tiempo sobre todo nos ha faltado tener la posesi\u00f3n del bal\u00f3n, yo creo que sobre todo por la falta de competici\u00f3n que tenemos, la U viene jugando desde hace muchos meses y eso creo que se ha notado. En el segundo tiempo creo que eso mejoro por nuestra parte, el partido se abri\u00f3 mucho m\u00e1s. Tuvimos m\u00e1s el bal\u00f3n y como fruto de eso hemos tenido varias ocasiones, pero bueno no hemos podido marcar, pero lo bueno es que al final cualquiera pod\u00eda marcar, y tenemos la eliminatoria que resolver en casa, y viendo al equipo, el esfuerzo que ha hecho, el sacrificio que ha hecho, yo me voy con mucha confianza para la vuelta para cerrar la eliminatoria en casa.<\/p>\n<p style=\"font: normal normal normal 13px\/normal Arial; color: #222222; margin: 0px;\">&nbsp;<\/p>\n<p style=\"font: normal normal normal 13px\/normal Arial; color: #222222; margin: 0px;\"><strong>La situaci\u00f3n de Ocampo que salio resentido, \u00bfC\u00f3mo est\u00e1 el jugador?<\/strong><\/p>\n<p style=\"font: normal normal normal 13px\/normal Arial; color: #222222; margin: 0px;\">&nbsp;<\/p>\n<p style=\"font: normal normal normal 13px\/normal Arial; color: #222222; margin: 0px;\">No, ha sido simplemente cansancio, la verdad es que los jugadores dejaron todo en la cancha, hicieron un esfuerzo enorme por la calidad del equipo que tenemos delante tambi\u00e9n, y simplemente eso, cansancio al igual que en otro cambios, y ha sido simplemente por eso, para evitar cansancio y dar frescura al equipo.<\/p>\n<p style=\"font: normal normal normal 13px\/normal Arial; color: #222222; margin: 0px;\">&nbsp;<\/p>\n<p style=\"font: normal normal normal 13px\/normal Arial; color: #222222; margin: 0px;\"><strong>Jorge Mendoza, casaquilla 6 de Guaran\u00ed<\/strong><\/p>\n<p style=\"font: normal normal normal 13px\/normal Arial; color: #222222; margin: 0px;\">&nbsp;<\/p>\n<p style=\"font: normal normal normal 13px\/normal Arial; color: #222222; margin: 0px;\">&nbsp;<\/p>\n<p style=\"font: normal normal normal 13px\/normal Arial; color: #222222; margin: 0px;\"><strong>An\u00e1lisis del resultado, teniendo en cuenta que se perdi\u00f3 el partido pero hay chance de clasificar.<\/strong><\/p>\n<p style=\"font: normal normal normal 13px\/normal Arial; color: #222222; margin: 0px;\">&nbsp;<\/p>\n<p style=\"font: normal normal normal 13px\/normal Arial; color: #222222; margin: 0px;\">S\u00ed, la verdad un encuentro que por ah\u00ed nos esper\u00e1bamos, sab\u00edamos lo que era la U, un equipo que todos lo dan de candidato, sab\u00edamos el potencial que ten\u00eda, nosotros, como dec\u00eda el profe, venimos de una pretemporada dura, todav\u00eda no ten\u00edamos competici\u00f3n, este fue nuestro primer partido oficial, hab\u00edamos jugado solamente amistosos, y sab\u00edamos que la U ven\u00eda de varios partidos a pesar de que no ven\u00eda de jugar bien, pero que en el ultimo partido gano, sab\u00edamos que iba a ser un duro rival, una cancha muy linda para jugar, que ten\u00edamos que hacer un esfuerzo doble por lo que juega la U, que toca mucho la pelota, creo que ha sido un partido lindo para la gente que vino a ver, ya que nosotros no nos metimos en ning\u00fan momento atr\u00e1s, salimos a buscar siempre el partido, tuvimos unas chances, lastimosamente no pudimos concretar, y en una jugada un gol de otro partido que hizo Rodrigo, que hay que decirlo, se abri\u00f3 el marcador, pero bueno est\u00e1 la chance intacta tanto para nosotros como para ellos para definirse en asunci\u00f3n.<\/p>\n<p style=\"font: normal normal normal 13px\/normal Arial; color: #222222; margin: 0px;\">&nbsp;<\/p>\n<p style=\"font: normal normal normal 13px\/normal Arial; color: #222222; margin: 0px;\"><strong>\u00bfEsperabas una U que apretara un poco m\u00e1s?<\/strong><\/p>\n<p style=\"font: normal normal normal 13px\/normal Arial; color: #222222; margin: 0px;\">&nbsp;<\/p>\n<p style=\"font: normal normal normal 13px\/normal Arial; color: #222222; margin: 0px;\">Sab\u00edamos que era un equipo que al perder la pelota presionaba mucho arriba, pero que le iba a ser dif\u00edcil aguantar todo el partido as\u00ed, creo que en el primer tiempo en los primeros minutos se nos hizo muy dif\u00edcil a nosotros salir jugando, o la presi\u00f3n que implicaban los delanteros, sab\u00edamos que jugaban con muchos delanteros y que por ah\u00ed en el mediocampo se descuidaban un poco, y nosotros nuestro primer objetivo era por ah\u00ed asegurar los primeros dos pases, para poder tener chances de ir en ataque, creo que en el primer tiempo nos costo un poco, y en el segundo por el cansancio que sinti\u00f3 la U de habernos presionado mucho, tuvimos muchas chances de convertir por ah\u00ed, y lastimosamente como te digo, en una jugada que Rodrigo hizo, un golazo que todos tenemos que admirar, se abri\u00f3 el marcador, pero como te digo, est\u00e1n las chances intactas para nosotros como para ellos de buscar la clasificaci\u00f3n para la fase de grupo, sabemos que no va a ser nada f\u00e1cil, pero es un lindo desafi\u00f3 para los dos equipos, creo que ellos se sorprendieron tambi\u00e9n un poco con el juego que nosotros demostramos hoy, as\u00ed que como te digo va a ser un partido abierto all\u00e1 en Asunci\u00f3n.<\/p>\n<p style=\"font: normal normal normal 13px\/normal Arial; color: #222222; margin: 0px;\">&nbsp;<\/p>\n<p style=\"font: normal normal normal 13px\/normal Arial; color: #222222; margin: 0px;\"><strong>\u00bfComo sintieron el Cansancio?<\/strong><\/p>\n<p style=\"font: normal normal normal 13px\/normal Arial; color: #222222; margin: 0px;\">&nbsp;<\/p>\n<p style=\"font: normal normal normal 13px\/normal Arial; color: #222222; margin: 0px;\">&nbsp;Si, en lo personal sentimos un poco de cansancio, por como te digo, es un ritmo que la verdad es que nos costo un poco al principio por lo que viene jugando la U, con partidos muy seguidos, para nosotros es nuestro primer partido oficial, nuestros primeros noventa minutos iban a ser muy duros, jugar copa libertadores no es f\u00e1cil, m\u00e1s de visitante, en una cancha grande, como te digo, donde lo f\u00edsico iba a pasar factura al final del partido, donde nosotros sentimos un poco, pero igual el equipo siempre sigui\u00f3 buscando, no nos metimos nunca atr\u00e1s, tuvieron la chance de ampliar como nosotros de empatar, pero lastimosamente no se pudo dar, pero estamos bien, tenemos tiempo ahora para recuperarnos, para llegar bien el pr\u00f3ximo jueves a lo que es la revancha en asunci\u00f3n. &nbsp;<\/p>\n<p>&nbsp;<\/p>\n","protected":false},"excerpt":{"rendered":"<p>&nbsp; Tras el encuentro que gano la U por la cuenta m\u00ednima, los de Guaran\u00ed se refirieron al partido. &nbsp;<\/p>\n","protected":false},"author":56,"featured_media":5236,"comment_status":"open","ping_status":"open","sticky":false,"template":"","format":"standard","meta":{"footnotes":""},"categories":[18],"tags":[454,193,204,156],"class_list":{"0":"post-3647","1":"post","2":"type-post","3":"status-publish","4":"format-standard","5":"has-post-thumbnail","7":"category-actualidad","8":"tag-actualidad","9":"tag-copa-libertadores-2014","10":"tag-libertadores-2014","11":"tag-universidad-de-chile"},"_links":{"self":[{"href":"http:\/\/www.rincondelbulla.cl\/portal\/wp-json\/wp\/v2\/posts\/3647","targetHints":{"allow":["GET"]}}],"collection":[{"href":"http:\/\/www.rincondelbulla.cl\/portal\/wp-json\/wp\/v2\/posts"}],"about":[{"href":"http:\/\/www.rincondelbulla.cl\/portal\/wp-json\/wp\/v2\/types\/post"}],"author":[{"embeddable":true,"href":"http:\/\/www.rincondelbulla.cl\/portal\/wp-json\/wp\/v2\/users\/56"}],"replies":[{"embeddable":true,"href":"http:\/\/www.rincondelbulla.cl\/portal\/wp-json\/wp\/v2\/comments?post=3647"}],"version-history":[{"count":0,"href":"http:\/\/www.rincondelbulla.cl\/portal\/wp-json\/wp\/v2\/posts\/3647\/revisions"}],"wp:featuredmedia":[{"embeddable":true,"href":"http:\/\/www.rincondelbulla.cl\/portal\/wp-json\/wp\/v2\/media\/5236"}],"wp:attachment":[{"href":"http:\/\/www.rincondelbulla.cl\/portal\/wp-json\/wp\/v2\/media?parent=3647"}],"wp:term":[{"taxonomy":"category","embeddable":true,"href":"http:\/\/www.rincondelbulla.cl\/portal\/wp-json\/wp\/v2\/categories?post=3647"},{"taxonomy":"post_tag","embeddable":true,"href":"http:\/\/www.rincondelbulla.cl\/portal\/wp-json\/wp\/v2\/tags?post=3647"}],"curies":[{"name":"wp","href":"https:\/\/api.w.org\/{rel}","templated":true}]}}