{"id":3652,"date":"2014-02-06T16:04:58","date_gmt":"2014-02-06T16:04:58","guid":{"rendered":"http:\/\/www.rincondelbulla.cl\/portal\/?p=3652"},"modified":"2014-02-06T16:04:58","modified_gmt":"2014-02-06T16:04:58","slug":"la-previa-hoy-la-u-quiere-ganar","status":"publish","type":"post","link":"http:\/\/www.rincondelbulla.cl\/portal\/2014\/02\/06\/la-previa-hoy-la-u-quiere-ganar\/","title":{"rendered":"La Previa: Hoy la U quiere ganar"},"content":{"rendered":"<figure id=\"attachment_5241\" aria-describedby=\"caption-attachment-5241\" style=\"width: 700px\" class=\"wp-caption alignnone\"><img loading=\"lazy\" decoding=\"async\" class=\" size-full wp-image-5241\" src=\"http:\/\/www.rincondelbulla.cl\/portal\/wp-content\/uploads\/2014\/02\/db179573d2c6df77acd179d6105d6700.jpg\" alt=\"\" class=\"caption\" title=\"Foto: Claudio C\u00e1ceres \" width=\"700\" height=\"467\" srcset=\"http:\/\/www.rincondelbulla.cl\/portal\/wp-content\/uploads\/2014\/02\/db179573d2c6df77acd179d6105d6700.jpg 700w, http:\/\/www.rincondelbulla.cl\/portal\/wp-content\/uploads\/2014\/02\/db179573d2c6df77acd179d6105d6700-300x200.jpg 300w, http:\/\/www.rincondelbulla.cl\/portal\/wp-content\/uploads\/2014\/02\/db179573d2c6df77acd179d6105d6700-696x464.jpg 696w, http:\/\/www.rincondelbulla.cl\/portal\/wp-content\/uploads\/2014\/02\/db179573d2c6df77acd179d6105d6700-630x420.jpg 630w\" sizes=\"auto, (max-width: 700px) 100vw, 700px\" \/><figcaption id=\"caption-attachment-5241\" class=\"wp-caption-text\">Foto: Claudio C\u00e1ceres<\/figcaption><\/figure>\n<p><p style=\"font: normal normal normal 13px\/normal Arial; color: #222222; margin: 0px;\">&nbsp;<\/p>\n<p style=\"font: normal normal normal 13px\/normal Arial; color: #222222; margin: 0px;\">&nbsp;<\/p>\n<p style=\"font: normal normal normal 13px\/normal Arial; color: #222222; margin: 0px;\"><strong>Universidad de Chile llega con la mejor opci\u00f3n de llegar a la fase de grupos de Copa Libertadores de America.<\/strong> <!--more--> <\/p>\n<p style=\"font: normal normal normal 13px\/normal Arial; color: #222222; margin: 0px;\">&nbsp;<\/p>\n<p style=\"font: normal normal normal 13px\/normal Arial; color: #222222; margin: 0px;\"><strong>Escrito por: Samyro Chamberline<\/strong><\/p>\n<p style=\"font: normal normal normal 13px\/normal Arial; color: #222222; margin: 0px;\">&nbsp;<\/p>\n<p style=\"font: normal normal normal 13px\/normal Arial; color: #222222; margin: 0px;\">Hoy por la tarde-noche saltan los 11 gladiadores que eligi\u00f3 el Profe Romero para el duelo ante Guaran\u00ed, los once elegidos son al parecer: <strong>Mar\u00edn; Rocky, Caruzzo y Pepe; Pancho Castro, el Paragua, Chinito, Cereceda y Lorenzetti; Rubio y Mora<\/strong>. As\u00ed con estos once jugadores se espera timbrar el pase a la siguiente ronda de la Copa Libertadores.<\/p>\n<p style=\"font: normal normal normal 13px\/normal Arial; color: #222222; margin: 0px;\">&nbsp;<\/p>\n<p style=\"font: normal normal normal 13px\/normal Arial; color: #222222; margin: 0px;\">Si hoy gana la gloriosa ser\u00e1 el primer equipo nacional en ganar en todos los suelos sudacas, un dato mero estad\u00edstico que les gusta tanto a los periodistas.<\/p>\n<p style=\"font: normal normal normal 13px\/normal Arial; color: #222222; margin: 0px;\">&nbsp;<\/p>\n<p style=\"font: normal normal normal 13px\/normal Arial; color: #222222; margin: 0px;\">Pero vamos al f\u00fatbol, sorprende un poco que Fern\u00e1ndez no se encuentre en la nomina de los once titulares, viene realizando \u00faltimamente muy buenos encuentros y contra Antofagasta se mando un pepazo \u201cde otro partido\u201d (citando a Jorge Mendoza, volante de corte del Guaran\u00ed quien se refiri\u00f3 as\u00ed al gol de Chilenita de Rodrigo Mora). Pero si analizamos el cambio no es tan descabellado, el Profe elige jugar con un volante de corte como Mart\u00ednez, un mixto como Rojas y a Lorenzetti para meter pases r\u00e1pidos y as\u00ed los delanteros se cuelen entre los corpulentos centrales. La elecci\u00f3n tambi\u00e9n se ve reflejada en que al ser un partido de visita muy dif\u00edcil, ser\u00e1 complicado tener m\u00e1s posesi\u00f3n del bal\u00f3n, y Fern\u00e1ndez es un jugador de mucho traslado y de pase largo, pero que aparece m\u00e1s cuando la posesi\u00f3n es mayor para el Rom\u00e1ntico Viajero.<\/p>\n<p style=\"font: normal normal normal 13px\/normal Arial; color: #222222; margin: 0px;\">&nbsp;<\/p>\n<p style=\"font: normal normal normal 13px\/normal Arial; color: #222222; margin: 0px;\"><span style=\"text-decoration: underline;\"><strong>Claves T\u00e1cticas del Partido<\/strong><\/span><\/p>\n<p style=\"font: normal normal normal 13px\/normal Arial; color: #222222; margin: 0px;\">&nbsp;<\/p>\n<p style=\"font: normal normal normal 13px\/normal Arial; color: #222222; margin: 0px;\"><strong>Una defensa concentrada<\/strong><\/p>\n<p style=\"font: normal normal normal 13px\/normal Arial; color: #222222; margin: 0px;\">&nbsp;<\/p>\n<p style=\"font: normal normal normal 13px\/normal Arial; color: #222222; margin: 0px;\">Si la linea de atr\u00e1s anda como en los tres partidos dirigidos por el \u201cRelojito\u201d, la tarea estar\u00e1 en un cincuenta por ciento lograda. Es importante la concentraci\u00f3n en pelotas detenidas, en ser muy fuertes en los mano a mano y en las buenas coberturas que vienen realizando partido a partido.<\/p>\n<p style=\"font: normal normal normal 13px\/normal Arial; color: #222222; margin: 0px;\">&nbsp;<\/p>\n<p style=\"font: normal normal normal 13px\/normal Arial; color: #222222; margin: 0px;\"><strong>Los Laterales Volantes<\/strong><\/p>\n<p style=\"font: normal normal normal 13px\/normal Arial; color: #222222; margin: 0px;\">&nbsp;<\/p>\n<p style=\"font: normal normal normal 13px\/normal Arial; color: #222222; margin: 0px;\">En el partido de ida dijimos que ser\u00eda muy importante la subida de los laterales para abrir la cancha, en esta ocasi\u00f3n es muy importante la cobertura que realizar\u00e1n por las bandas, ya que Guaran\u00ed juega con volantes muy abiertos, sin el cl\u00e1sico \u201c10\u201d o volante creativo. En la ida no lo pasamos bien con las diagonales de Ocampo, y cuando Paniagua se desprend\u00eda de la linea de volantes paraguayos. Ocampo salio resentido y ah\u00ed la cosa cambio un poco.<\/p>\n<p style=\"font: normal normal normal 13px\/normal Arial; color: #222222; margin: 0px;\">&nbsp;<\/p>\n<p style=\"font: normal normal normal 13px\/normal Arial; color: #222222; margin: 0px;\"><strong>La contenci\u00f3n azul<\/strong><\/p>\n<p style=\"font: normal normal normal 13px\/normal Arial; color: #222222; margin: 0px;\">&nbsp;<\/p>\n<p style=\"font: normal normal normal 13px\/normal Arial; color: #222222; margin: 0px;\">En el partido de ida a Mart\u00ednez le costo 30 minutos entrar en el partido y adaptarse al juego de los paraguas, hoy con el ingreso de J.R.Rojas deber\u00eda tener menos zona que cubrir y cada uno acudir a la marca de uno de los dos abiertos volantes de salida de Guaran\u00ed. Si en el quite en esa zona se anda bien, y se le entrega r\u00e1pido el bal\u00f3n a Lorenzetti ser\u00e1 m\u00e1s f\u00e1cil generar los espacios para que Mora y Rubio enfrenten al arco rival.<\/p>\n<p style=\"font: normal normal normal 13px\/normal Arial; color: #222222; margin: 0px;\">&nbsp;<\/p>\n<p style=\"font: normal normal normal 13px\/normal Arial; color: #222222; margin: 0px;\"><strong>Estar finos frente al arco rival<\/strong><\/p>\n<p style=\"font: normal normal normal 13px\/normal Arial; color: #222222; margin: 0px;\">&nbsp;<\/p>\n<p style=\"font: normal normal normal 13px\/normal Arial; color: #222222; margin: 0px;\">Si bien en los tres partidos con Romero sentado en el banco azul se han convertido 9 goles, el gusto en el paladar es que se erran muchos goles. Ya sucedi\u00f3 en la ida que la delantera err\u00f3 un par de ocasiones claras. Hoy no habr\u00e1n tantas oportunidades y es importante meter un gol para sumarle presi\u00f3n a los aurinegros y as\u00ed salir victoriosos de la calurosa asunci\u00f3n.<\/p>\n<p style=\"font: normal normal normal 13px\/normal Arial; color: #222222; margin: 0px;\">&nbsp;<\/p>\n<p style=\"font: normal normal normal 13px\/normal Arial; color: #222222; margin: 0px;\">&nbsp;<\/p>\n<p style=\"font: normal normal normal 13px\/normal Arial; color: #222222; margin: 0px;\">&nbsp;<\/p>\n<p style=\"line-height: 6px; font: normal normal normal 12px\/normal Helvetica; background-color: #f1f1f1; margin: 0px;\"><img decoding=\"async\" src=\"webkit-fake-url:\/\/198E1007-1DE8-4934-B3DB-B57F5453466A\/cleardot.gif\" alt=\"cleardot.gif\" \/><\/p><\/p>\n","protected":false},"excerpt":{"rendered":"<p>&nbsp; &nbsp; Universidad de Chile llega con la mejor opci\u00f3n de llegar a la fase de grupos de Copa Libertadores de America.<\/p>\n","protected":false},"author":56,"featured_media":5241,"comment_status":"open","ping_status":"open","sticky":false,"template":"","format":"standard","meta":{"footnotes":""},"categories":[18],"tags":[454,193,194,37,156],"class_list":{"0":"post-3652","1":"post","2":"type-post","3":"status-publish","4":"format-standard","5":"has-post-thumbnail","7":"category-actualidad","8":"tag-actualidad","9":"tag-copa-libertadores-2014","10":"tag-guarani","11":"tag-la-previa","12":"tag-universidad-de-chile"},"_links":{"self":[{"href":"http:\/\/www.rincondelbulla.cl\/portal\/wp-json\/wp\/v2\/posts\/3652","targetHints":{"allow":["GET"]}}],"collection":[{"href":"http:\/\/www.rincondelbulla.cl\/portal\/wp-json\/wp\/v2\/posts"}],"about":[{"href":"http:\/\/www.rincondelbulla.cl\/portal\/wp-json\/wp\/v2\/types\/post"}],"author":[{"embeddable":true,"href":"http:\/\/www.rincondelbulla.cl\/portal\/wp-json\/wp\/v2\/users\/56"}],"replies":[{"embeddable":true,"href":"http:\/\/www.rincondelbulla.cl\/portal\/wp-json\/wp\/v2\/comments?post=3652"}],"version-history":[{"count":0,"href":"http:\/\/www.rincondelbulla.cl\/portal\/wp-json\/wp\/v2\/posts\/3652\/revisions"}],"wp:featuredmedia":[{"embeddable":true,"href":"http:\/\/www.rincondelbulla.cl\/portal\/wp-json\/wp\/v2\/media\/5241"}],"wp:attachment":[{"href":"http:\/\/www.rincondelbulla.cl\/portal\/wp-json\/wp\/v2\/media?parent=3652"}],"wp:term":[{"taxonomy":"category","embeddable":true,"href":"http:\/\/www.rincondelbulla.cl\/portal\/wp-json\/wp\/v2\/categories?post=3652"},{"taxonomy":"post_tag","embeddable":true,"href":"http:\/\/www.rincondelbulla.cl\/portal\/wp-json\/wp\/v2\/tags?post=3652"}],"curies":[{"name":"wp","href":"https:\/\/api.w.org\/{rel}","templated":true}]}}