{"id":3684,"date":"2014-03-28T16:40:02","date_gmt":"2014-03-28T16:40:02","guid":{"rendered":"http:\/\/www.rincondelbulla.cl\/portal\/?p=3684"},"modified":"2014-03-28T16:40:02","modified_gmt":"2014-03-28T16:40:02","slug":"la-previa-la-u-vuelve-a-madrugar-ante-la-calera","status":"publish","type":"post","link":"http:\/\/www.rincondelbulla.cl\/portal\/2014\/03\/28\/la-previa-la-u-vuelve-a-madrugar-ante-la-calera\/","title":{"rendered":"La previa: La \u201cU\u201d vuelve a madrugar ante La Calera"},"content":{"rendered":"<p><img loading=\"lazy\" decoding=\"async\" class=\" size-full wp-image-5271\" src=\"http:\/\/www.rincondelbulla.cl\/portal\/wp-content\/uploads\/2014\/03\/dea1e1a7352ffb274866812d6df35af9.jpg\" alt=\"\" width=\"900\" height=\"600\" srcset=\"http:\/\/www.rincondelbulla.cl\/portal\/wp-content\/uploads\/2014\/03\/dea1e1a7352ffb274866812d6df35af9.jpg 900w, http:\/\/www.rincondelbulla.cl\/portal\/wp-content\/uploads\/2014\/03\/dea1e1a7352ffb274866812d6df35af9-300x200.jpg 300w, http:\/\/www.rincondelbulla.cl\/portal\/wp-content\/uploads\/2014\/03\/dea1e1a7352ffb274866812d6df35af9-768x512.jpg 768w, http:\/\/www.rincondelbulla.cl\/portal\/wp-content\/uploads\/2014\/03\/dea1e1a7352ffb274866812d6df35af9-696x464.jpg 696w, http:\/\/www.rincondelbulla.cl\/portal\/wp-content\/uploads\/2014\/03\/dea1e1a7352ffb274866812d6df35af9-630x420.jpg 630w\" sizes=\"auto, (max-width: 900px) 100vw, 900px\" \/><\/p>\n<p><p style=\"text-align: justify;\"><strong>Al igual que la semana pasada ante la UC, este s\u00e1bado el Rom\u00e1ntico Viajero deber\u00e1 madrugar para enfrentar a Uni\u00f3n La Calera. <!--more--> <\/strong><strong>Por Enrique Moreno | @EnriqueMorenoS<\/strong><\/p>\n<p style=\"text-align: justify;\">Por la d\u00e9cimo tercera fecha del Clausura, la \u201cU\u201d se medir\u00e1 ante Uni\u00f3n La Calera en el Estadio Santa Laura con el arbitraje de Claudio Puga.<\/p>\n<p style=\"text-align: justify;\">El partido, que inicialmente estaba programado para jugarse en la tarde, se disputar\u00e1 desde las 11:30 horas por disposici\u00f3n de las autoridades, considerando los incidentes que pueden ocurrir al ser el D\u00eda del Joven Combatiente adem\u00e1s del escaso contingente policial con el que se contar\u00e1.<\/p>\n<p style=\"text-align: justify;\">La \u201cU\u201d buscar\u00e1 seguir con su buena racha para llegar de buen \u00e1nimo para los importantes partidos de la pr\u00f3xima semana, mientras que La Calera buscar\u00e1 sumar puntos en su lucha por zafar del descenso.<\/p>\n<p style=\"text-align: justify;\"><strong>Formaci\u00f3n de la \u201cU\u201d<\/strong><\/p>\n<p style=\"text-align: justify;\">En cuanto al once inicial que utilizar\u00e1 \u201cRelojito\u201d Romero a\u00fan no hay ninguna certeza, pues es muy probable que recurra a una rotaci\u00f3n en el equipo con la intenci\u00f3n de guardar a varios titulares con miras a los partidos frente a Cruzeiro y Colo Colo de la pr\u00f3xima semana.<\/p>\n<p style=\"text-align: justify;\">Lo cierto es que una de las bajas que tendr\u00e1 la \u201cU\u201d para este s\u00e1bado ser\u00e1 Isaac D\u00edaz, ya que el \u201cTorito\u201d sufre de un dolor muscular en su muslo derecho que lo impedir\u00eda ser de la partida.<\/p>\n<p style=\"text-align: justify;\"><strong>Historial y estad\u00edstica<\/strong><\/p>\n<p style=\"text-align: justify;\">La \u00faltima vez que azules y cementeros se enfrentaron fue el 2 de noviembre del a\u00f1o pasado. En partido jugado en el estadio Nicol\u00e1s Chahu\u00e1n, la \u201cU\u201d se impuso por 3-0 con goles de de Isaac D\u00edaz en dos ocasiones y Sebasti\u00e1n Ubilla en otra.<\/p>\n<p style=\"text-align: justify;\">En Santa Laura en tanto, no se enfrentan desde el 9 de septiembre de 2012. Aquella vez el partido termin\u00f3 siendo un aburrido empate sin goles.<\/p>\n<p style=\"text-align: justify;\">En cuanto al historial, se han enfrentado en 32 oportunidades por torneos nacionales, con 23 triunfos, 7 empates y solo 2 derrotas, con 86 goles a favor y 32 en contra, teniendo un m\u00e1s que positivo 82% de rendimiento.<\/p>\n<p style=\"text-align: justify;\"><strong>Entradas y transmisi\u00f3n<\/strong><\/p>\n<p style=\"text-align: justify;\">Las entradas se vender\u00e1n de forman online a trav\u00e9s de la p\u00e1gina web daleticket.cl. Tambi\u00e9n se podr\u00e1n comprar de manera presencial en boleter\u00edas del estadio Santa Laura (acceso El Castillo) entre las 10 y las 19 horas del viernes. Los precios son: Galer\u00eda ni\u00f1o $3.000, Andes ni\u00f1o $4.000, Galer\u00edas norte y sur $5.000, Andes $8.000 y Marquesina lateral $15.000.<\/p>\n<p style=\"text-align: justify;\">El partido ser\u00e1 transmitido por CDF Premium y HD con media hora de previa. Adem\u00e1s, podr\u00e1s seguir el minuto a minuto en el fan page de Rinc\u00f3n del Bulla.<\/p><\/p>\n","protected":false},"excerpt":{"rendered":"<p>Al igual que la semana pasada ante la UC, este s\u00e1bado el Rom\u00e1ntico Viajero deber\u00e1 madrugar para enfrentar a Uni\u00f3n La Calera.<\/p>\n","protected":false},"author":65,"featured_media":5271,"comment_status":"open","ping_status":"open","sticky":false,"template":"","format":"standard","meta":{"footnotes":""},"categories":[18],"tags":[],"class_list":{"0":"post-3684","1":"post","2":"type-post","3":"status-publish","4":"format-standard","5":"has-post-thumbnail","7":"category-actualidad"},"_links":{"self":[{"href":"http:\/\/www.rincondelbulla.cl\/portal\/wp-json\/wp\/v2\/posts\/3684","targetHints":{"allow":["GET"]}}],"collection":[{"href":"http:\/\/www.rincondelbulla.cl\/portal\/wp-json\/wp\/v2\/posts"}],"about":[{"href":"http:\/\/www.rincondelbulla.cl\/portal\/wp-json\/wp\/v2\/types\/post"}],"author":[{"embeddable":true,"href":"http:\/\/www.rincondelbulla.cl\/portal\/wp-json\/wp\/v2\/users\/65"}],"replies":[{"embeddable":true,"href":"http:\/\/www.rincondelbulla.cl\/portal\/wp-json\/wp\/v2\/comments?post=3684"}],"version-history":[{"count":0,"href":"http:\/\/www.rincondelbulla.cl\/portal\/wp-json\/wp\/v2\/posts\/3684\/revisions"}],"wp:featuredmedia":[{"embeddable":true,"href":"http:\/\/www.rincondelbulla.cl\/portal\/wp-json\/wp\/v2\/media\/5271"}],"wp:attachment":[{"href":"http:\/\/www.rincondelbulla.cl\/portal\/wp-json\/wp\/v2\/media?parent=3684"}],"wp:term":[{"taxonomy":"category","embeddable":true,"href":"http:\/\/www.rincondelbulla.cl\/portal\/wp-json\/wp\/v2\/categories?post=3684"},{"taxonomy":"post_tag","embeddable":true,"href":"http:\/\/www.rincondelbulla.cl\/portal\/wp-json\/wp\/v2\/tags?post=3684"}],"curies":[{"name":"wp","href":"https:\/\/api.w.org\/{rel}","templated":true}]}}