{"id":3685,"date":"2014-03-29T16:39:51","date_gmt":"2014-03-29T16:39:51","guid":{"rendered":"http:\/\/www.rincondelbulla.cl\/portal\/?p=3685"},"modified":"2014-03-29T16:39:51","modified_gmt":"2014-03-29T16:39:51","slug":"la-u-ratifico-su-irregularidad","status":"publish","type":"post","link":"http:\/\/www.rincondelbulla.cl\/portal\/2014\/03\/29\/la-u-ratifico-su-irregularidad\/","title":{"rendered":"La U ratific\u00f3 su irregularidad"},"content":{"rendered":"<figure id=\"attachment_5272\" aria-describedby=\"caption-attachment-5272\" style=\"width: 619px\" class=\"wp-caption alignnone\"><img loading=\"lazy\" decoding=\"async\" class=\" size-full wp-image-5272\" src=\"http:\/\/www.rincondelbulla.cl\/portal\/wp-content\/uploads\/2014\/03\/9a9975ed61463a6dc929492ab2b7763b.jpg\" alt=\"Foto: agencia UNO\" class=\"caption\" title=\"La U cay\u00f3 como local en Santa Laura\" width=\"619\" height=\"464\" srcset=\"http:\/\/www.rincondelbulla.cl\/portal\/wp-content\/uploads\/2014\/03\/9a9975ed61463a6dc929492ab2b7763b.jpg 619w, http:\/\/www.rincondelbulla.cl\/portal\/wp-content\/uploads\/2014\/03\/9a9975ed61463a6dc929492ab2b7763b-300x225.jpg 300w, http:\/\/www.rincondelbulla.cl\/portal\/wp-content\/uploads\/2014\/03\/9a9975ed61463a6dc929492ab2b7763b-80x60.jpg 80w, http:\/\/www.rincondelbulla.cl\/portal\/wp-content\/uploads\/2014\/03\/9a9975ed61463a6dc929492ab2b7763b-265x198.jpg 265w, http:\/\/www.rincondelbulla.cl\/portal\/wp-content\/uploads\/2014\/03\/9a9975ed61463a6dc929492ab2b7763b-560x420.jpg 560w\" sizes=\"auto, (max-width: 619px) 100vw, 619px\" \/><figcaption id=\"caption-attachment-5272\" class=\"wp-caption-text\">La U cay\u00f3 como local en Santa Laura<\/figcaption><\/figure>\n<p><p style=\"text-align: justify;\"><strong><span style=\"font-family: Arial, sans-serif;\">Universidad de Chile cay\u00f3 por 0-1 ante Uni\u00f3n La Calera y ratific\u00f3 la mala campa\u00f1a realizada durante este semestre, campa\u00f1a que algo hab\u00eda levantado tras el triunfo de la semana pasada ante Universidad Cat\u00f3lica. La U espera por Copa Libertadores y el s\u00faper cl\u00e1sico de la pr\u00f3xima semana porque en el Torneo Nacional no queda mucho m\u00e1s.<\/span><\/strong><\/p>\n<p style=\"text-align: justify;\"><strong><span style=\"font-family: Arial, sans-serif;\"> <!--more--> <\/span><\/strong><\/p>\n<p style=\"text-align: justify;\"><span style=\"font-family: Arial, sans-serif;\">A las 11:30 hrs se el \u00e1rbitro Claudio Puga pit\u00f3 el inicio del partido de los azules frente a Uni\u00f3n La Calera en Santa Laura. La U buscaba ratificar el triunfo de la semana pasada y seguir sumando puntos para no perder la esperanza de so\u00f1ar con algo importante, aunque, como todos sabemos, estaba muy lejos.<\/span><\/p>\n<p style=\"text-align: justify;\"><span style=\"font-family: Arial, sans-serif;\">Y el partido no entreg\u00f3 mucho. La U jugaba con un equipo alternativo, dejando a los titulares de siempre descansando para lo que ser\u00e1 Cruzeiro a mitad de semana y Colo Colo el pr\u00f3ximo domingo.<\/span><\/p>\n<p style=\"text-align: justify;\"><span style=\"font-family: Arial, sans-serif;\">As\u00ed fue como en ambos tiempos las jugadas de mayor peligro fueron para los cementeros, quienes abrieron la cuenta a los 72 minutos a trav\u00e9s de Casanova quien captur\u00f3 una serie de rebotes luego de una gran atajada de Mar\u00edn.<\/span><\/p>\n<p style=\"text-align: justify;\"><span style=\"font-family: Arial, sans-serif;\">La U no entreg\u00f3 mucho y algunas jugadas de Rubio generaron algo de peligro pero nada que hiciera so\u00f1ar con una remontada.<\/span><\/p>\n<p style=\"text-align: justify;\"><span style=\"font-family: Arial, sans-serif;\">As\u00ed se fue el partido y La Calera volvi\u00f3 a vencer a la U tras 45 a\u00f1os en un Torneo Oficial.<\/span><\/p>\n<p style=\"text-align: justify;\"><span style=\"font-family: Arial, sans-serif;\">Ahora a esperar avanzar en Copa Libertadores frente a Cruzeiro y ver qu\u00e9 pasar\u00e1 la pr\u00f3xima semana frente a Colo Colo, para sumar, al menos, otro punto bueno en esta irregular campa\u00f1a.<\/span><\/p><\/p>\n","protected":false},"excerpt":{"rendered":"<p>Universidad de Chile cay\u00f3 por 0-1 ante Uni\u00f3n La Calera y ratific\u00f3 la mala campa\u00f1a realizada durante este semestre, campa\u00f1a que algo hab\u00eda levantado tras el triunfo de la semana pasada ante Universidad Cat\u00f3lica. La U espera por Copa Libertadores y el s\u00faper cl\u00e1sico de la pr\u00f3xima semana porque en el Torneo Nacional no queda [&#8230;]<\/p>\n","protected":false},"author":57,"featured_media":5272,"comment_status":"open","ping_status":"open","sticky":false,"template":"","format":"standard","meta":{"footnotes":""},"categories":[18],"tags":[],"class_list":{"0":"post-3685","1":"post","2":"type-post","3":"status-publish","4":"format-standard","5":"has-post-thumbnail","7":"category-actualidad"},"_links":{"self":[{"href":"http:\/\/www.rincondelbulla.cl\/portal\/wp-json\/wp\/v2\/posts\/3685","targetHints":{"allow":["GET"]}}],"collection":[{"href":"http:\/\/www.rincondelbulla.cl\/portal\/wp-json\/wp\/v2\/posts"}],"about":[{"href":"http:\/\/www.rincondelbulla.cl\/portal\/wp-json\/wp\/v2\/types\/post"}],"author":[{"embeddable":true,"href":"http:\/\/www.rincondelbulla.cl\/portal\/wp-json\/wp\/v2\/users\/57"}],"replies":[{"embeddable":true,"href":"http:\/\/www.rincondelbulla.cl\/portal\/wp-json\/wp\/v2\/comments?post=3685"}],"version-history":[{"count":0,"href":"http:\/\/www.rincondelbulla.cl\/portal\/wp-json\/wp\/v2\/posts\/3685\/revisions"}],"wp:featuredmedia":[{"embeddable":true,"href":"http:\/\/www.rincondelbulla.cl\/portal\/wp-json\/wp\/v2\/media\/5272"}],"wp:attachment":[{"href":"http:\/\/www.rincondelbulla.cl\/portal\/wp-json\/wp\/v2\/media?parent=3685"}],"wp:term":[{"taxonomy":"category","embeddable":true,"href":"http:\/\/www.rincondelbulla.cl\/portal\/wp-json\/wp\/v2\/categories?post=3685"},{"taxonomy":"post_tag","embeddable":true,"href":"http:\/\/www.rincondelbulla.cl\/portal\/wp-json\/wp\/v2\/tags?post=3685"}],"curies":[{"name":"wp","href":"https:\/\/api.w.org\/{rel}","templated":true}]}}