{"id":3697,"date":"2014-04-05T00:15:01","date_gmt":"2014-04-05T00:15:01","guid":{"rendered":"http:\/\/www.rincondelbulla.cl\/portal\/?p=3697"},"modified":"2014-08-30T20:26:59","modified_gmt":"2014-08-30T20:26:59","slug":"otro-sintoma-de-la-enfermedad-azul","status":"publish","type":"post","link":"http:\/\/www.rincondelbulla.cl\/portal\/2014\/04\/05\/otro-sintoma-de-la-enfermedad-azul\/","title":{"rendered":"Otro s\u00edntoma de la \u00abenfermedad\u00bb azul"},"content":{"rendered":"<figure id=\"attachment_5278\" aria-describedby=\"caption-attachment-5278\" style=\"width: 700px\" class=\"wp-caption alignnone\"><img loading=\"lazy\" decoding=\"async\" class=\"caption\" title=\"Foto: Claudio C\u00e1ceres\" src=\"http:\/\/www.rincondelbulla.cl\/portal\/wp-content\/uploads\/2014\/04\/08ba4b42c46b8ab10e18ccb40b228026.jpg\" alt=\"\" width=\"700\" height=\"466\" \/><figcaption id=\"caption-attachment-5278\" class=\"wp-caption-text\">Foto: Claudio C\u00e1ceres<\/figcaption><\/figure>\n<p>&nbsp;<\/p>\n<p><strong>En un partido que solo nos bastaba un punto para sellar los boletos para la siguiente fase de la Libertadores, nuevamente la U mostr\u00f3 sus falencias, por un lado un mal planteamiento del partido, la falta de un 9 de \u00e1rea y la inexperiencia del profe Romero nos paso la cuenta. <!--more--> <\/strong><strong>Escrito por: Samyro Chamberline<\/strong><\/p>\n<p>Lo de ayer en el \u00abPasional\u00bb fue un s\u00edntoma m\u00e1s de la \u00abenfermedad\u00bb que enfrenta el Rom\u00e1ntico Viajero desde hace m\u00e1s de 1 a\u00f1o, y el diagn\u00f3stico que podemos hacer no es para nada nuevo, pero esperamos que con el cambio en la dirigencia de la concesionaria que se produjo durante esta ma\u00f1ana se de un giro en torno al manejo de los temas netamente futbol\u00edsticos.<\/p>\n<p>Ser\u00edamos injusto en cargar toda la culpa con el profe Romero, pero debemos decir que los dos partidos frente a Cruzeiro fueron muy mal planteados, en el de ida entro con Pepe rojas lesionado y en ambos con Osvaldo Gonz\u00e1lez jugando de lateral, un puesto que claramente no maneja.<\/p>\n<p>Que no tengamos un especialista por la banda derecha no es culpa del \u00abRelojito\u00bb, pero quiz\u00e1s era momento de volver a la linea de 3 e ingresar a Magalhaes por la derecha.<\/p>\n<p>Me voy a detener en el tema del lateral derecho, \u00bfQu\u00e9 paso con Michael Contreras (Jugador de un f\u00edsico privilegiado, y un lateral largo como le hace falta hoy a la gloriosa)? Y la respuesta es que el triunfador (T\u00edtulo que se lo autoadjudico y los periodistas repiten cuando a\u00fan no gana nada como DT) de M.A.Figueroa lo desech\u00f3, desequilibrando el equipo por el resto del semestre. Y si a eso le sumamos las malas contrataciones ( hechas por gente que no maneja el tema futbol\u00edstico), lo que resulta es un desastre, como el que se est\u00e1 viviendo hoy en d\u00eda.<\/p>\n<p>Con todo el respeto que me merece Caruzzo y Mora, pero me parece que no son extranjeros para jugar en la U y menos para jugar una copa (En el caso de Caruzzo es cosa de ver el v\u00eddeo de Boca-Corinthians para enterarse de lo lento que es y lo mucho que le falta para ser un jugador determinante).<\/p>\n<p>Volviendo al partido de ayer, me quedo con el segundo tiempo, la U achic\u00e1ndole los espacios a Cruzeiro y los \u00abbrazucas\u00bb jugando desde atr\u00e1s no son lo peligroso que son de mitad de cancha para arriba. Me parece que ni los jugadores ni el Profe Romero saben a lo que juega el equipo, y la improvisaci\u00f3n vuelve a ser una constante en la gloriosa. S\u00f3lo queda ir a ganar a Montevideo para asegurar la clasificaci\u00f3n y as\u00ed tambi\u00e9n el primer lugar del grupo, y con la garra que nos caracteriza nada es imposible.<\/p>\n<p><strong>Analisis Tactico<\/strong><\/p>\n<p><strong>L\u00edneas Separadas<\/strong><br \/>\nEn el primer tiempo la l\u00ednea de defensas con la de mediocampo estaba muy separada, siendo que la primera se par\u00f3 muy atr\u00e1s, obligando a retroceder a los volantes y as\u00ed darle m\u00e1s espacio a los \u00abbrazucas\u00bb, que cuando la tocaban de primera la dejaron chiquitita y a los azules sin saber que hacer.<\/p>\n<p><strong>Desequibrio entre las Bandas<\/strong><br \/>\nDurante el primer tiempo la U casi siempre lleg\u00f3 por la banda de Cereceda, producto de la falta de un lateral diestro, ya en el segundo tiempo con el ingreso de Castro se equilibr\u00f3 un poco m\u00e1s la cosa, abriendo la cancha por los dos lados. Lo que a\u00fan no se entiende es para que el profe Romero pidi\u00f3 que se quedara Civelli y no lo pone, y al contrario improvisa a Castro por la izquierda en lugar de poner a un especialista en la banda como lo es el Argentino.<\/p>\n<p><strong>Esperar a los Brazucas, un suicidio<\/strong><\/p>\n<p>Si la idea era esperar a Cruzeiro la formaci\u00f3n, ni por nombres ni tacticamente era la correcta, y si la idea era atacarlos no se vio, salvo en el segundo tiempo con un 2-0 que era muy dif\u00edcil de remontar. Para esperar a los brazucas hay que saber defender con dos l\u00edneas apretaditas y jugadores adelante que sepan jugar de contra (se me viene a la cabeza la U del profe Pelusso) y si la idea es atacarlos me parece que la U tiene las armas para hacerlo, pero falta una convicci\u00f3n de ello, y esa debe salir de la banca (es imposible no recordar a Sampaoli).<\/p>\n","protected":false},"excerpt":{"rendered":"<p>&nbsp; En un partido que solo nos bastaba un punto para sellar los boletos para la siguiente fase de la Libertadores, nuevamente la U mostr\u00f3 sus falencias, por un lado un mal planteamiento del partido, la falta de un 9 de \u00e1rea y la inexperiencia del profe Romero nos paso la cuenta.<\/p>\n","protected":false},"author":56,"featured_media":5278,"comment_status":"open","ping_status":"open","sticky":false,"template":"","format":"standard","meta":{"footnotes":""},"categories":[18],"tags":[454,193,36,156],"class_list":{"0":"post-3697","1":"post","2":"type-post","3":"status-publish","4":"format-standard","5":"has-post-thumbnail","7":"category-actualidad","8":"tag-actualidad","9":"tag-copa-libertadores-2014","10":"tag-opinion","11":"tag-universidad-de-chile"},"_links":{"self":[{"href":"http:\/\/www.rincondelbulla.cl\/portal\/wp-json\/wp\/v2\/posts\/3697","targetHints":{"allow":["GET"]}}],"collection":[{"href":"http:\/\/www.rincondelbulla.cl\/portal\/wp-json\/wp\/v2\/posts"}],"about":[{"href":"http:\/\/www.rincondelbulla.cl\/portal\/wp-json\/wp\/v2\/types\/post"}],"author":[{"embeddable":true,"href":"http:\/\/www.rincondelbulla.cl\/portal\/wp-json\/wp\/v2\/users\/56"}],"replies":[{"embeddable":true,"href":"http:\/\/www.rincondelbulla.cl\/portal\/wp-json\/wp\/v2\/comments?post=3697"}],"version-history":[{"count":1,"href":"http:\/\/www.rincondelbulla.cl\/portal\/wp-json\/wp\/v2\/posts\/3697\/revisions"}],"predecessor-version":[{"id":5468,"href":"http:\/\/www.rincondelbulla.cl\/portal\/wp-json\/wp\/v2\/posts\/3697\/revisions\/5468"}],"wp:featuredmedia":[{"embeddable":true,"href":"http:\/\/www.rincondelbulla.cl\/portal\/wp-json\/wp\/v2\/media\/5278"}],"wp:attachment":[{"href":"http:\/\/www.rincondelbulla.cl\/portal\/wp-json\/wp\/v2\/media?parent=3697"}],"wp:term":[{"taxonomy":"category","embeddable":true,"href":"http:\/\/www.rincondelbulla.cl\/portal\/wp-json\/wp\/v2\/categories?post=3697"},{"taxonomy":"post_tag","embeddable":true,"href":"http:\/\/www.rincondelbulla.cl\/portal\/wp-json\/wp\/v2\/tags?post=3697"}],"curies":[{"name":"wp","href":"https:\/\/api.w.org\/{rel}","templated":true}]}}