{"id":3698,"date":"2014-04-06T13:02:28","date_gmt":"2014-04-06T13:02:28","guid":{"rendered":"http:\/\/www.rincondelbulla.cl\/portal\/?p=3698"},"modified":"2014-04-06T13:02:28","modified_gmt":"2014-04-06T13:02:28","slug":"la-previa-por-la-camiseta","status":"publish","type":"post","link":"http:\/\/www.rincondelbulla.cl\/portal\/2014\/04\/06\/la-previa-por-la-camiseta\/","title":{"rendered":"La previa: \u00a1Por la camiseta!"},"content":{"rendered":"<figure id=\"attachment_5279\" aria-describedby=\"caption-attachment-5279\" style=\"width: 700px\" class=\"wp-caption alignnone\"><img loading=\"lazy\" decoding=\"async\" class=\" size-full wp-image-5279\" src=\"http:\/\/www.rincondelbulla.cl\/portal\/wp-content\/uploads\/2014\/04\/db5a020ea11104f42d1c369a226cc392.jpg\" alt=\"\" class=\"caption\" title=\"Foto: Claudio C\u00e1ceres \" width=\"700\" height=\"466\" srcset=\"http:\/\/www.rincondelbulla.cl\/portal\/wp-content\/uploads\/2014\/04\/db5a020ea11104f42d1c369a226cc392.jpg 700w, http:\/\/www.rincondelbulla.cl\/portal\/wp-content\/uploads\/2014\/04\/db5a020ea11104f42d1c369a226cc392-300x200.jpg 300w, http:\/\/www.rincondelbulla.cl\/portal\/wp-content\/uploads\/2014\/04\/db5a020ea11104f42d1c369a226cc392-696x463.jpg 696w, http:\/\/www.rincondelbulla.cl\/portal\/wp-content\/uploads\/2014\/04\/db5a020ea11104f42d1c369a226cc392-631x420.jpg 631w\" sizes=\"auto, (max-width: 700px) 100vw, 700px\" \/><figcaption id=\"caption-attachment-5279\" class=\"wp-caption-text\">Foto: Claudio C\u00e1ceres<\/figcaption><\/figure>\n<p><strong>&nbsp;<\/strong><\/p>\n<p><strong>La \u201cU\u201d jugar\u00e1 este domingo el supercl\u00e1sico y considerando las ya nulas chances al t\u00edtulo, tendr\u00e1 como \u00fanica motivaci\u00f3n defender el honor ante el cl\u00e1sico rival. <!--more--> <\/strong><\/p>\n<p><strong>Por Enrique Moreno | @EnriqueMorenoS<\/strong><\/p>\n<p>Desde las 15:30 horas Universidad de Chile se medir\u00e1 ante Colo Colo en una nueva edici\u00f3n del supercl\u00e1sico chileno. En partido v\u00e1lido por la fecha 14 y con arbitraje de Eduardo Gambo, se vivir\u00e1n situaciones opuestas: por una parte, los de Pedrero seguir\u00e1n en su lucha por el campeonato, mientras que la \u201cU\u201d, ya sin chances, solo buscar\u00e1 ganar el cl\u00e1sico por el honor de su camiseta.<\/p>\n<p><strong>Formaci\u00f3n de los equipos<\/strong><\/p>\n<p>En los azules, las principales novedades ser\u00e1n la baja de \u201cPepe\u201d Rojas, aquejado de una dolencia tras el partido ante Cruzeiro, y el ingreso de Isaac D\u00edaz en delantera reemplazando a un hasta ahora intrascendente Rodrigo Mora.<\/p>\n<p>As\u00ed, los once iniciales ser\u00edan: Johnny Herrera; Bryan Cort\u00e9s, Osvaldo Gonz\u00e1lez, Mat\u00edas Caruzzo, Roberto Cereceda; Sebasti\u00e1n Mart\u00ednez, Juan Rodrigo Rojas; Ram\u00f3n Fern\u00e1ndez, Gustavo Lorenzetti; Patricio Rubio e Isaac D\u00edaz.<\/p>\n<p>La banca estar\u00e1 compuesta por Luis Mar\u00edn, Igor Lichnovsky, Guillermo D\u00edaz, Fabi\u00e1n Carmona, Francisco Castro, C\u00e9sar Cort\u00e9s y Rodrigo Mora. Luciano Civelli y Rub\u00e9n Farf\u00e1n no fueron considerados.<\/p>\n<p>En la vereda del frente, ser\u00e1 la baja de Esteban Paredes el \u00fanico cambio que har\u00e1n con respecto a partidos anteriores. As\u00ed, formar\u00edan con Justo Villar; Gonzalo Fierro, Christian Vilchez, Luis Pavez; Esteban Pavez, Claudio Baeza, Jaime Vald\u00e9s; Jos\u00e9 Pedro Fuenzalida, Emiliano Vecchio y Felipe Flores.<\/p>\n<p><strong>Historial y estad\u00edstica<\/strong><\/p>\n<p>La \u00faltima vez que se enfrentaron fue el 10 de noviembre del a\u00f1o pasado, con derrota para la \u201cU\u201d por 3-2 en el Monumental. Los descuentos corrieron por cuenta de Charles Ar\u00e1nguiz y Ram\u00f3n Fern\u00e1ndez.<\/p>\n<p>En tanto, en el Nacional no se enfrentan desde el 5 de mayo del a\u00f1o pasado. A\u00fan con la conducci\u00f3n de Dar\u00edo Franco, los azules se impusieron por 3-2 con goles de Juan Ignacio Duma en dos ocasiones y Charles Ar\u00e1nguiz en la agon\u00eda del partido.<\/p>\n<p>En cuanto al historial, los albos se imponen de manera clara. Se han enfrentado en 174 ocasiones, con 48 triunfos azules, 50 empates y 76 derrotas, con 227 goles a favor, 291 en contra y un rendimiento de un 42%.<\/p>\n<p><strong>Entradas y transmisi\u00f3n<\/strong><\/p>\n<p>Las entradas para este partido se pueden comprar en la p\u00e1gina web daleticket.cl. Solo podr\u00e1n comprar quienes est\u00e9n en los registros del club y los precios son: Galer\u00eda ni\u00f1o $3.000, Galer\u00eda $6.000, Andes $10.000, Fuera Marquesina $25.000 y Bajo Marquesina $50.000. Los abonados tendr\u00e1n pase liberado.<br \/>El partido ser\u00e1 transmitido en vivo por CDF Premium y HD con una hora de previa. Tambi\u00e9n podr\u00e1s seguir los pormenores en el minuto a minuto del fan page de Rinc\u00f3n del Bulla.<\/p>\n","protected":false},"excerpt":{"rendered":"<p>&nbsp; La \u201cU\u201d jugar\u00e1 este domingo el supercl\u00e1sico y considerando las ya nulas chances al t\u00edtulo, tendr\u00e1 como \u00fanica motivaci\u00f3n defender el honor ante el cl\u00e1sico rival.<\/p>\n","protected":false},"author":56,"featured_media":5279,"comment_status":"open","ping_status":"open","sticky":false,"template":"","format":"standard","meta":{"footnotes":""},"categories":[18],"tags":[454,37,102,44,156],"class_list":{"0":"post-3698","1":"post","2":"type-post","3":"status-publish","4":"format-standard","5":"has-post-thumbnail","7":"category-actualidad","8":"tag-actualidad","9":"tag-la-previa","10":"tag-los-de-abajo","11":"tag-superclasico","12":"tag-universidad-de-chile"},"_links":{"self":[{"href":"http:\/\/www.rincondelbulla.cl\/portal\/wp-json\/wp\/v2\/posts\/3698","targetHints":{"allow":["GET"]}}],"collection":[{"href":"http:\/\/www.rincondelbulla.cl\/portal\/wp-json\/wp\/v2\/posts"}],"about":[{"href":"http:\/\/www.rincondelbulla.cl\/portal\/wp-json\/wp\/v2\/types\/post"}],"author":[{"embeddable":true,"href":"http:\/\/www.rincondelbulla.cl\/portal\/wp-json\/wp\/v2\/users\/56"}],"replies":[{"embeddable":true,"href":"http:\/\/www.rincondelbulla.cl\/portal\/wp-json\/wp\/v2\/comments?post=3698"}],"version-history":[{"count":0,"href":"http:\/\/www.rincondelbulla.cl\/portal\/wp-json\/wp\/v2\/posts\/3698\/revisions"}],"wp:featuredmedia":[{"embeddable":true,"href":"http:\/\/www.rincondelbulla.cl\/portal\/wp-json\/wp\/v2\/media\/5279"}],"wp:attachment":[{"href":"http:\/\/www.rincondelbulla.cl\/portal\/wp-json\/wp\/v2\/media?parent=3698"}],"wp:term":[{"taxonomy":"category","embeddable":true,"href":"http:\/\/www.rincondelbulla.cl\/portal\/wp-json\/wp\/v2\/categories?post=3698"},{"taxonomy":"post_tag","embeddable":true,"href":"http:\/\/www.rincondelbulla.cl\/portal\/wp-json\/wp\/v2\/tags?post=3698"}],"curies":[{"name":"wp","href":"https:\/\/api.w.org\/{rel}","templated":true}]}}