{"id":3699,"date":"2014-04-06T20:55:45","date_gmt":"2014-04-06T20:55:45","guid":{"rendered":"http:\/\/www.rincondelbulla.cl\/portal\/?p=3699"},"modified":"2014-04-06T20:55:45","modified_gmt":"2014-04-06T20:55:45","slug":"una-injusticia","status":"publish","type":"post","link":"http:\/\/www.rincondelbulla.cl\/portal\/2014\/04\/06\/una-injusticia\/","title":{"rendered":"Una injusticia"},"content":{"rendered":"<figure id=\"attachment_5280\" aria-describedby=\"caption-attachment-5280\" style=\"width: 619px\" class=\"wp-caption alignnone\"><img loading=\"lazy\" decoding=\"async\" class=\" size-full wp-image-5280\" src=\"http:\/\/www.rincondelbulla.cl\/portal\/wp-content\/uploads\/2014\/04\/99b0cbdd6200d076b65ad6976a0decc6.jpg\" alt=\"Foto: agencia UNO\" class=\"caption\" title=\"Fern\u00e1ndez hizo un partido correcto\" width=\"619\" height=\"464\" srcset=\"http:\/\/www.rincondelbulla.cl\/portal\/wp-content\/uploads\/2014\/04\/99b0cbdd6200d076b65ad6976a0decc6.jpg 619w, http:\/\/www.rincondelbulla.cl\/portal\/wp-content\/uploads\/2014\/04\/99b0cbdd6200d076b65ad6976a0decc6-300x225.jpg 300w, http:\/\/www.rincondelbulla.cl\/portal\/wp-content\/uploads\/2014\/04\/99b0cbdd6200d076b65ad6976a0decc6-80x60.jpg 80w, http:\/\/www.rincondelbulla.cl\/portal\/wp-content\/uploads\/2014\/04\/99b0cbdd6200d076b65ad6976a0decc6-265x198.jpg 265w, http:\/\/www.rincondelbulla.cl\/portal\/wp-content\/uploads\/2014\/04\/99b0cbdd6200d076b65ad6976a0decc6-560x420.jpg 560w\" sizes=\"auto, (max-width: 619px) 100vw, 619px\" \/><figcaption id=\"caption-attachment-5280\" class=\"wp-caption-text\">Fern\u00e1ndez hizo un partido correcto<\/figcaption><\/figure>\n<p><p style=\"text-align: justify;\"><strong><span style=\"font-family: Arial, sans-serif;\">Universidad de Chile cay\u00f3 por la cuenta m\u00ednima ante un rival m\u00e1s que d\u00e9bil. Los azules no pudieron con la falta de gol y con los extra\u00f1os errores arbitrales. Un partido que no se deber\u00eda haber perdido, m\u00e1s a\u00fan cuando los rivales no ten\u00edan por d\u00f3nde llegar al gol y lo encontraron con uno en contra.<\/span><\/strong><\/p>\n<p style=\"text-align: justify;\"><strong><span style=\"font-family: Arial, sans-serif;\"> <!--more--> <\/span><\/strong><\/p>\n<p style=\"text-align: justify;\"><span style=\"font-family: Arial, sans-serif;\">La U llegaba a la cancha del Nacional solo pensando en el honor. Hace rato que los azules no tienen opciones de lograr el t\u00edtulo y el s\u00faper cl\u00e1sico era una muestra de que quienes usan esta camiseta luchar\u00edan por dar una alegr\u00eda a su gente.<\/span><\/p>\n<p style=\"text-align: justify;\"><span style=\"font-family: Arial, sans-serif;\">Y as\u00ed parec\u00eda que ser\u00eda. Desde el comienzo los azules atacaron y dominaron el duelo con claridad, incluso el hincha azul celebr\u00f3 el primero cuando Rubio entr\u00f3 solo, remat\u00f3 y el bal\u00f3n se fue por mil\u00edmetros, quedando enredado en la malla posterior. Ilusi\u00f3n \u00f3ptica.<\/span><\/p>\n<p style=\"text-align: justify;\"><span style=\"font-family: Arial, sans-serif;\">Pero la U segu\u00eda buscando y se ve\u00eda un Colo Colo desorientado, muy lejos del gran equipo del que la prensa y los propios albos han hablado. Los visitantes no ten\u00edan el bal\u00f3n y persegu\u00edan sin claridad a los azules. Pero, lamentablemente, siempre hay un pero. Corr\u00eda el minuto 30 y una carga sin peligro de los albos hizo que Flores lanzara un centro que al intentar ser rechazado por Cereceda se meti\u00f3 de globito en la porter\u00eda de Herrera. 0-1.<\/span><\/p>\n<p style=\"text-align: justify;\"><span style=\"font-family: Arial, sans-serif;\">Despu\u00e9s del autogol los visitantes se metieron m\u00e1s atr\u00e1s y la U buscaba sin poder encontrar el camino correcto. Fin de la primera parte.<\/span><\/p>\n<p style=\"text-align: justify;\"><span style=\"font-family: Arial, sans-serif;\">En el segundo tiempo la U sali\u00f3 igual, a presionar y esperar el momento correcto para anotar pero todo parec\u00eda en vano. D\u00edaz, Fern\u00e1ndez, Rubio probaron de lejos, de cerca, encarar, buscar, centrar y nada. Hasta que lleg\u00f3 la primera pol\u00e9mica. Centro por la izquierda, Villar despeja mal, le queda a Rubio quien engancha y es tomado del hombro por Fierro. El \u00e1rbitro no solo desestim\u00f3 el penal sino que amonest\u00f3 al delantero azul.<\/span><\/p>\n<p style=\"text-align: justify;\"><span style=\"font-family: Arial, sans-serif;\">Pero no ser\u00eda la \u00fanica. Falta sobre D\u00edaz y es expulsado Baeza, tras eso vino el tiro libre de Fern\u00e1ndez que fue conectado de cabeza por Rubio para decretar el empate, sin embargo el juez Gamboa lo anul\u00f3 por un supuesto empuj\u00f3n sobre Fierro.<\/span><\/p>\n<p style=\"text-align: justify;\"><span style=\"font-family: Arial, sans-serif;\">Lo que qued\u00f3 de partido fueron cargas y cargas de la U que encontraban a los 10 jugadores visitantes en campo propio. Cuando terminaba el duelo Ram\u00f3n Fern\u00e1ndez fue expulsado y dej\u00f3 a ambos cuadros con 10, sin embargo la U sigui\u00f3 atacando y tuvo un par de veces el empate, una chilena de Mora y un remate de D\u00edaz hicieron temblar la porter\u00eda rival, sin embargo en el minuto 95 Gamboa pit\u00f3 el final y el cl\u00e1sico qued\u00f3, injustamente, en manos de la visita.<\/span><\/p>\n<p style=\"text-align: justify;\"><span style=\"font-family: Arial, sans-serif;\">A esperar el mi\u00e9rcoles un triunfo en Uruguay, para avanzar en Copa Libertadores de Am\u00e9rica y seguir jugando algo este semestre, mientras se ve como los de la vereda de en frente celebran un marcador injusto.<\/span><\/p><\/p>\n","protected":false},"excerpt":{"rendered":"<p>Universidad de Chile cay\u00f3 por la cuenta m\u00ednima ante un rival m\u00e1s que d\u00e9bil. Los azules no pudieron con la falta de gol y con los extra\u00f1os errores arbitrales. Un partido que no se deber\u00eda haber perdido, m\u00e1s a\u00fan cuando los rivales no ten\u00edan por d\u00f3nde llegar al gol y lo encontraron con uno en [&#8230;]<\/p>\n","protected":false},"author":57,"featured_media":5280,"comment_status":"open","ping_status":"open","sticky":false,"template":"","format":"standard","meta":{"footnotes":""},"categories":[18],"tags":[],"class_list":{"0":"post-3699","1":"post","2":"type-post","3":"status-publish","4":"format-standard","5":"has-post-thumbnail","7":"category-actualidad"},"_links":{"self":[{"href":"http:\/\/www.rincondelbulla.cl\/portal\/wp-json\/wp\/v2\/posts\/3699","targetHints":{"allow":["GET"]}}],"collection":[{"href":"http:\/\/www.rincondelbulla.cl\/portal\/wp-json\/wp\/v2\/posts"}],"about":[{"href":"http:\/\/www.rincondelbulla.cl\/portal\/wp-json\/wp\/v2\/types\/post"}],"author":[{"embeddable":true,"href":"http:\/\/www.rincondelbulla.cl\/portal\/wp-json\/wp\/v2\/users\/57"}],"replies":[{"embeddable":true,"href":"http:\/\/www.rincondelbulla.cl\/portal\/wp-json\/wp\/v2\/comments?post=3699"}],"version-history":[{"count":0,"href":"http:\/\/www.rincondelbulla.cl\/portal\/wp-json\/wp\/v2\/posts\/3699\/revisions"}],"wp:featuredmedia":[{"embeddable":true,"href":"http:\/\/www.rincondelbulla.cl\/portal\/wp-json\/wp\/v2\/media\/5280"}],"wp:attachment":[{"href":"http:\/\/www.rincondelbulla.cl\/portal\/wp-json\/wp\/v2\/media?parent=3699"}],"wp:term":[{"taxonomy":"category","embeddable":true,"href":"http:\/\/www.rincondelbulla.cl\/portal\/wp-json\/wp\/v2\/categories?post=3699"},{"taxonomy":"post_tag","embeddable":true,"href":"http:\/\/www.rincondelbulla.cl\/portal\/wp-json\/wp\/v2\/tags?post=3699"}],"curies":[{"name":"wp","href":"https:\/\/api.w.org\/{rel}","templated":true}]}}