{"id":3700,"date":"2014-04-07T23:23:31","date_gmt":"2014-04-07T23:23:31","guid":{"rendered":"http:\/\/www.rincondelbulla.cl\/portal\/?p=3700"},"modified":"2014-08-30T20:27:05","modified_gmt":"2014-08-30T20:27:05","slug":"se-corona-una-semana-negra","status":"publish","type":"post","link":"http:\/\/www.rincondelbulla.cl\/portal\/2014\/04\/07\/se-corona-una-semana-negra\/","title":{"rendered":"Se corona una semana negra"},"content":{"rendered":"<figure id=\"attachment_5281\" aria-describedby=\"caption-attachment-5281\" style=\"width: 700px\" class=\"wp-caption alignnone\"><img loading=\"lazy\" decoding=\"async\" class=\"caption\" title=\"Foto: Claudio C\u00e1ceres\" src=\"http:\/\/www.rincondelbulla.cl\/portal\/wp-content\/uploads\/2014\/04\/ed4ffd490c9f3d1937d952406e59f30a.jpg\" alt=\"\" width=\"700\" height=\"467\" \/><figcaption id=\"caption-attachment-5281\" class=\"wp-caption-text\">Foto: Claudio C\u00e1ceres<\/figcaption><\/figure>\n<p><strong>\u00a0<\/strong><\/p>\n<p><strong>Llegamos al cl\u00e1sico luego de perder dos partidos seguidos y a 12 puntos de Colo-Colo, puede sonar Clich\u00e9, pero para los cl\u00e1sicos no hay favoritos, la U jug\u00f3 un muy buen partido pero sigue sin generar peligro al arco rival. <!--more--> <\/strong><strong>Escrito por: Samyro Chamberline<\/strong><\/p>\n<p>&nbsp;<\/p>\n<p>La sensaci\u00f3n generalizada fue que la Gloriosa jug\u00f3 mucho m\u00e1s que los \u00abincoloros\u00bb, pero eso no bast\u00f3, los partidos se ganan con goles y es lo que le viene faltando al Rom\u00e1ntico Viajero en este semestre. Pese a dominar todo el partido y en gran parte del segundo tiempo tener acorralado al \u00abcogotero\u00bb en su campo de juego, la U no encontr\u00f3 el camino al grito de gol y lleg\u00f3 muy poco a las manos del portero Villar.<\/p>\n<p>Lo mostrado por los \u00abblancos\u00bb fue poco para un equipo que est\u00e1 a un partido de coronarse campe\u00f3n, y sorprendi\u00f3 que el alabado \u201cOfensivo Colo-Colo\u201d no hizo otra cosa que defender un triunfo por la cuenta m\u00ednima, que claramente no mereci\u00f3.<\/p>\n<p>El Profe Romero pareciera que no le afecta si la U pierde o gana, van 3 partidos perdidos y sigue con la cantinela de que las opciones de avanzar en Libertadores est\u00e1n intactas, tal cual declar\u00f3 despu\u00e9s de ganar a las \u00abmonjas\u00bb que a\u00fan hab\u00edan opciones de luchar por el torneo nacional y mand\u00f3 un once alternativo contra la Calera en el reducto de Plaza Chacabuco. Recordemos que a la Gloriosa solo le sirve el triunfo en tierras Charruas para no depender del otro partido del grupo, as\u00ed las cosas se ven cuesta arriba en el \u00e1mbito internacional y por lo que se recordar\u00e1 al Profe Romero en el banquillo azul es por lograr la calma en el camarin luego del paso de Figueroa.<\/p>\n<p>En el cl\u00e1sico sorprendi\u00f3 a todos poniendo en un momento a 5 delanteros (Castro, D\u00edaz, Rubio, Mora y Cortes) al mismo tiempo y as\u00ed y todo sin inquietar mayormente a Villar.<\/p>\n<p><strong>An\u00e1lisis T\u00e1ctico<\/strong><\/p>\n<p><strong>Osvaldo de Central<\/strong><br \/>\nLo reiteramos una vez m\u00e1s y Rocky rinde mucho m\u00e1s de central que de lateral, ayer nuevamente lo demostr\u00f3 y vez que lo enfrentaron triunfo en el mano a mano.<\/p>\n<p><strong>No hay claridad a la hora de atacar<\/strong><br \/>\nSi bien la U tuvo una mayor posesi\u00f3n de bal\u00f3n, eso no se vio reflejado a la hora de atacar, y es que no hay claridad de como se llega al arco rival, con dos centrodelanteros jugando muy abiertos no se tiene claro quien es el que termina las jugadas. Ni siquiera las pelotas paradas se aprovechan, hace mucho rato que la U no convierte en tiros de esquina.<\/p>\n<p><strong>Con un hombre m\u00e1s<\/strong><br \/>\nA pesar de jugar 20 minutos con un hombre m\u00e1s, los Leones no supieron aprovechar la situaci\u00f3n, y sorprendentemente Ram\u00f3n se fue expulsado con roja directa, y un par de cobros de Gamboa muy dudosos llevaron a la desesperaci\u00f3n y en definitiva no se logr\u00f3 meter la pelota al arco rival, sembrado las dudas para lo que viene.<\/p>\n","protected":false},"excerpt":{"rendered":"<p>\u00a0 Llegamos al cl\u00e1sico luego de perder dos partidos seguidos y a 12 puntos de Colo-Colo, puede sonar Clich\u00e9, pero para los cl\u00e1sicos no hay favoritos, la U jug\u00f3 un muy buen partido pero sigue sin generar peligro al arco rival.<\/p>\n","protected":false},"author":56,"featured_media":5281,"comment_status":"open","ping_status":"open","sticky":false,"template":"","format":"standard","meta":{"footnotes":""},"categories":[18],"tags":[454,36,44,156],"class_list":{"0":"post-3700","1":"post","2":"type-post","3":"status-publish","4":"format-standard","5":"has-post-thumbnail","7":"category-actualidad","8":"tag-actualidad","9":"tag-opinion","10":"tag-superclasico","11":"tag-universidad-de-chile"},"_links":{"self":[{"href":"http:\/\/www.rincondelbulla.cl\/portal\/wp-json\/wp\/v2\/posts\/3700","targetHints":{"allow":["GET"]}}],"collection":[{"href":"http:\/\/www.rincondelbulla.cl\/portal\/wp-json\/wp\/v2\/posts"}],"about":[{"href":"http:\/\/www.rincondelbulla.cl\/portal\/wp-json\/wp\/v2\/types\/post"}],"author":[{"embeddable":true,"href":"http:\/\/www.rincondelbulla.cl\/portal\/wp-json\/wp\/v2\/users\/56"}],"replies":[{"embeddable":true,"href":"http:\/\/www.rincondelbulla.cl\/portal\/wp-json\/wp\/v2\/comments?post=3700"}],"version-history":[{"count":1,"href":"http:\/\/www.rincondelbulla.cl\/portal\/wp-json\/wp\/v2\/posts\/3700\/revisions"}],"predecessor-version":[{"id":5469,"href":"http:\/\/www.rincondelbulla.cl\/portal\/wp-json\/wp\/v2\/posts\/3700\/revisions\/5469"}],"wp:featuredmedia":[{"embeddable":true,"href":"http:\/\/www.rincondelbulla.cl\/portal\/wp-json\/wp\/v2\/media\/5281"}],"wp:attachment":[{"href":"http:\/\/www.rincondelbulla.cl\/portal\/wp-json\/wp\/v2\/media?parent=3700"}],"wp:term":[{"taxonomy":"category","embeddable":true,"href":"http:\/\/www.rincondelbulla.cl\/portal\/wp-json\/wp\/v2\/categories?post=3700"},{"taxonomy":"post_tag","embeddable":true,"href":"http:\/\/www.rincondelbulla.cl\/portal\/wp-json\/wp\/v2\/tags?post=3700"}],"curies":[{"name":"wp","href":"https:\/\/api.w.org\/{rel}","templated":true}]}}