{"id":3701,"date":"2014-04-09T11:10:32","date_gmt":"2014-04-09T11:10:32","guid":{"rendered":"http:\/\/www.rincondelbulla.cl\/portal\/?p=3701"},"modified":"2014-04-09T11:10:32","modified_gmt":"2014-04-09T11:10:32","slug":"la-previa-con-todo-en-busca-de-la-clasificacion","status":"publish","type":"post","link":"http:\/\/www.rincondelbulla.cl\/portal\/2014\/04\/09\/la-previa-con-todo-en-busca-de-la-clasificacion\/","title":{"rendered":"La previa: Con todo en busca de la clasificaci\u00f3n"},"content":{"rendered":"<figure id=\"attachment_5282\" aria-describedby=\"caption-attachment-5282\" style=\"width: 700px\" class=\"wp-caption alignnone\"><img loading=\"lazy\" decoding=\"async\" class=\" size-full wp-image-5282\" src=\"http:\/\/www.rincondelbulla.cl\/portal\/wp-content\/uploads\/2014\/04\/063871984b0a86334c169e0d9253ec6c.jpg\" alt=\"\" class=\"caption\" title=\"Foto: Claudio C\u00e1ceres \" width=\"700\" height=\"466\" srcset=\"http:\/\/www.rincondelbulla.cl\/portal\/wp-content\/uploads\/2014\/04\/063871984b0a86334c169e0d9253ec6c.jpg 700w, http:\/\/www.rincondelbulla.cl\/portal\/wp-content\/uploads\/2014\/04\/063871984b0a86334c169e0d9253ec6c-300x200.jpg 300w, http:\/\/www.rincondelbulla.cl\/portal\/wp-content\/uploads\/2014\/04\/063871984b0a86334c169e0d9253ec6c-696x463.jpg 696w, http:\/\/www.rincondelbulla.cl\/portal\/wp-content\/uploads\/2014\/04\/063871984b0a86334c169e0d9253ec6c-631x420.jpg 631w\" sizes=\"auto, (max-width: 700px) 100vw, 700px\" \/><figcaption id=\"caption-attachment-5282\" class=\"wp-caption-text\">Foto: Claudio C\u00e1ceres<\/figcaption><\/figure>\n<p>&nbsp;<\/p>\n<p><strong>Tras el doloroso traspi\u00e9 del supercl\u00e1sico, los azules viajan a Uruguay en busca de la clasificaci\u00f3n a octavos de final de la Copa Libertadores.<\/strong> <!--more--> <strong><\/strong><\/p>\n<p><strong>Por Enrique Moreno | @EnriqueMorenoS<\/strong><\/p>\n<p>La \u201cU\u201d ya debe dejar atr\u00e1s la dolorosa derrota en el supercl\u00e1sico para enfocarse en lo que ser\u00e1 su choque ante Defensor Sporting en Uruguay en el estadio Luiz Franzini. Desde las 22 horas, por la sexta fecha del grupo 5 y con el arbitraje del argentino Patricio Lostau, el Rom\u00e1ntico Viajero se jugar\u00e1n su opci\u00f3n de clasificar a octavos de final de la Copa Libertadores.<\/p>\n<p>Si bien los azules se ubican segundos en el grupo con 9 puntos, es muy probable que Cruzeiro derrote de local al ya eliminado Real Garcilaso, por lo que resulta imperioso para la \u201cU\u201d obtener los tres puntos, ya que ni un empate lo salvar\u00eda, pues los brasileros tienen mejor diferencia de gol.<\/p>\n<p>En tanto, el cuadro uruguayo ya se encuentra ad portas de clasificar gracias a sus 10 puntos cosechados, lo que conseguir\u00eda solo con un empate.<\/p>\n<p><strong>Formaci\u00f3n de la \u201cU\u201d<\/strong><\/p>\n<p>La formaci\u00f3n de los estudiantiles sufrir\u00e1 varios cambios. Y es que a las bajas por lesi\u00f3n de \u201cPepe\u201d Rojas y Juan Rodrigo Rojas por lesi\u00f3n, adem\u00e1s de la suspensi\u00f3n de Mat\u00edas Caruzzo, se le debe sumar la urgencia por ganar este partido, por lo que \u201cRelojito\u201d volver\u00eda a usar a tres atacantes.<\/p>\n<p>As\u00ed, el once inicial ser\u00eda con J<strong>ohnny Herrera; Bryan Cort\u00e9s, Osvaldo Gonz\u00e1lez, Igor Lichnovsky, Roberto Cereceda; Sebasti\u00e1n Mart\u00ednez, Gustavo Lorenzetti, Ram\u00f3n Fern\u00e1ndez; Francisco Castro, Patricio Rubio e Isaac D\u00edaz.<\/strong><\/p>\n<p><strong>Historial y estad\u00edstica<\/strong><\/p>\n<p>La \u201cU\u201d y Defensor se han enfrentado en tres ocasiones, con dos triunfos azules y una derrota, teniendo as\u00ed un 66% de rendimiento, con 5 goles a favor y 4 en contra.<\/p>\n<p>La \u00faltima vez que se enfrentaron fue el 13 de febrero en el Nacional. Fue victoria por 1-0 de la \u201cU\u201d con gol de Gustavo Lorenzetti.<br \/>Pero en Uruguay no chocan desde el 30 de abril de 1996 por los octavos de final de la Libertadores de aquel a\u00f1o. Aquella vez los azules cayeron por 2-1 con descuento de Leonardo Rodr\u00edguez de penal, pero todo se defini\u00f3 en penales gracias a la victoria por 3-2 que hab\u00eda cosechado la \u201cU\u201d en la ida. A la larga ser\u00edan los azules quienes se impondr\u00edan desde los doce pasos.<\/p>\n<p>En tanto, en el estadio Luis Franzini la \u201cU\u201d jug\u00f3 por \u00faltima vez el 18 de agosto de 2011, ocasi\u00f3n en que enfrent\u00f3 a F\u00e9nix por la primera fase de la Copa Sudamericana. Fue empate 0-0 en un partido que es el menos recordado de esa copa que termin\u00f3 con la coronaci\u00f3n de los azules.<\/p>\n<p><strong>Entradas y transmisi\u00f3n<\/strong><\/p>\n<p>Para los hinchas azules que se han trasladado hasta Montevideo, que ser\u00edan cerca de 200, las entradas tendr\u00e1n un precio de 250 pesos uruguayos, es decir alrededor de $25.000 de la moneda nacional.<\/p>\n<p>El partido ser\u00e1 transmitido en vivo por FOX Sports Premium y HD. <strong>Adem\u00e1s, podr\u00e1s seguir el minuto a minuto en el fan page de Rinc\u00f3n del Bulla.<\/strong><\/p>\n","protected":false},"excerpt":{"rendered":"<p>&nbsp; Tras el doloroso traspi\u00e9 del supercl\u00e1sico, los azules viajan a Uruguay en busca de la clasificaci\u00f3n a octavos de final de la Copa Libertadores.<\/p>\n","protected":false},"author":56,"featured_media":5282,"comment_status":"open","ping_status":"open","sticky":false,"template":"","format":"standard","meta":{"footnotes":""},"categories":[18],"tags":[454,193,37,219,156],"class_list":{"0":"post-3701","1":"post","2":"type-post","3":"status-publish","4":"format-standard","5":"has-post-thumbnail","7":"category-actualidad","8":"tag-actualidad","9":"tag-copa-libertadores-2014","10":"tag-la-previa","11":"tag-romanticos-viajeros","12":"tag-universidad-de-chile"},"_links":{"self":[{"href":"http:\/\/www.rincondelbulla.cl\/portal\/wp-json\/wp\/v2\/posts\/3701","targetHints":{"allow":["GET"]}}],"collection":[{"href":"http:\/\/www.rincondelbulla.cl\/portal\/wp-json\/wp\/v2\/posts"}],"about":[{"href":"http:\/\/www.rincondelbulla.cl\/portal\/wp-json\/wp\/v2\/types\/post"}],"author":[{"embeddable":true,"href":"http:\/\/www.rincondelbulla.cl\/portal\/wp-json\/wp\/v2\/users\/56"}],"replies":[{"embeddable":true,"href":"http:\/\/www.rincondelbulla.cl\/portal\/wp-json\/wp\/v2\/comments?post=3701"}],"version-history":[{"count":0,"href":"http:\/\/www.rincondelbulla.cl\/portal\/wp-json\/wp\/v2\/posts\/3701\/revisions"}],"wp:featuredmedia":[{"embeddable":true,"href":"http:\/\/www.rincondelbulla.cl\/portal\/wp-json\/wp\/v2\/media\/5282"}],"wp:attachment":[{"href":"http:\/\/www.rincondelbulla.cl\/portal\/wp-json\/wp\/v2\/media?parent=3701"}],"wp:term":[{"taxonomy":"category","embeddable":true,"href":"http:\/\/www.rincondelbulla.cl\/portal\/wp-json\/wp\/v2\/categories?post=3701"},{"taxonomy":"post_tag","embeddable":true,"href":"http:\/\/www.rincondelbulla.cl\/portal\/wp-json\/wp\/v2\/tags?post=3701"}],"curies":[{"name":"wp","href":"https:\/\/api.w.org\/{rel}","templated":true}]}}