{"id":3713,"date":"2014-05-07T02:27:25","date_gmt":"2014-05-07T02:27:25","guid":{"rendered":"http:\/\/www.rincondelbulla.cl\/portal\/?p=3713"},"modified":"2014-05-07T02:27:25","modified_gmt":"2014-05-07T02:27:25","slug":"crece-la-ansiedad-ante-la-llegada-del-nuevo-dt","status":"publish","type":"post","link":"http:\/\/www.rincondelbulla.cl\/portal\/2014\/05\/07\/crece-la-ansiedad-ante-la-llegada-del-nuevo-dt\/","title":{"rendered":"Crece la ansiedad ante la llegada del nuevo DT"},"content":{"rendered":"<figure id=\"attachment_5292\" aria-describedby=\"caption-attachment-5292\" style=\"width: 256px\" class=\"wp-caption alignnone\"><img loading=\"lazy\" decoding=\"async\" class=\" size-full wp-image-5292\" src=\"http:\/\/www.rincondelbulla.cl\/portal\/wp-content\/uploads\/2014\/05\/bb288509efb18967f8231e286285b4f8.jpg\" alt=\"Foto: agencia UNO\" class=\"caption\" title=\"Sills se la jug\u00f3 por Gareca\" width=\"256\" height=\"168\" \/><figcaption id=\"caption-attachment-5292\" class=\"wp-caption-text\">Sills se la jug\u00f3 por Gareca<\/figcaption><\/figure>\n<p><p style=\"text-align: justify;\"><strong><span style=\"font-family: Arial, sans-serif;\">En la U est\u00e1n inquietos, se sabe. Jugadores y dirigentes esperan la llegada del nuevo t\u00e9cnico para definir su futuro y ver cu\u00e1les ser\u00e1n los requerimientos del nuevo estratega y c\u00f3mo resultar\u00e1 en lo que se viene.<\/span><\/strong><\/p>\n<p style=\"text-align: justify;\"><strong><span style=\"font-family: Arial, sans-serif;\"> <!--more--> <\/span><\/strong><\/p>\n<p style=\"text-align: justify;\"><span style=\"font-family: Arial, sans-serif;\">El anuncio del sue\u00f1o del estadio propio por parte de Carlos Heller no fue suficiente para que las cosas anduvieran como seda en la U, y es que si bien es cierto el anuncio dej\u00f3 felices a muchos no logr\u00f3 apagar las llamas en lo deportivo y eso se genera, b\u00e1sicamente, en que a\u00fan no hay un entrenador definido. <\/span><\/p>\n<p style=\"text-align: justify;\"><span style=\"font-family: Arial, sans-serif;\">Tanta ha sido la espera para el nuevo director t\u00e9cnico de Universidad de Chile y tal ha sido la danza de nombres que ha corrido en los \u00faltimos d\u00edas en la prensa nacional que las aguas en la U ya empiezan a inquietarse.<\/span><\/p>\n<p style=\"text-align: justify;\"><span style=\"font-family: Arial, sans-serif;\">Y c\u00f3mo no. Depende del nuevo t\u00e9cnico qui\u00e9nes seguir\u00e1n y depende de \u00e9l mismo cu\u00e1les ser\u00e1n los nuevos nombres que se aproximar\u00e1n al CDA, en busca de lograr alg\u00fan objetivo en este alica\u00eddo club.<\/span><\/p>\n<p style=\"text-align: justify;\"><span style=\"font-family: Arial, sans-serif;\">Por una parte aparece Ricardo Gareca. El Tigre ya estuvo en Chile ayer, tal como lo inform\u00f3 <strong><i>Rincondelbulla.cl <\/i><\/strong>sin embargo declar\u00f3 que no ven\u00eda a reunirse con alg\u00fan club nacional, aunque trascendi\u00f3 que tuvo conversaciones con la U y la UC.<\/span><\/p>\n<p style=\"text-align: justify;\"><span style=\"font-family: Arial, sans-serif;\">Otro nombre que aparece es Eduardo Berizzo. El Toto es del gusto de la regencia azul y se sabe hace mucho, y aunque algunos medios lo den en Universidad Cat\u00f3lica o el Celta de Vigo, los azules seguir\u00e1n luchando por llevarlo a La Cisterna.<\/span><\/p>\n<p style=\"text-align: justify;\"><span style=\"font-family: Arial, sans-serif;\">Y es por eso que algunos jugadores enfrentaron los micr\u00f3fonos y declararon, principalmente, sobre el tema de moda: el nuevo DT.<\/span><\/p>\n<p style=\"text-align: justify;\"><span style=\"font-family: Arial, sans-serif;\">C\u00e9sar Cort\u00e9s declar\u00f3 que \u201c<i>ser\u00eda ideal tener pronto al nuevo t\u00e9cnico, aunque hay que tomarse el tiempo para esa decisi\u00f3n ya que es un proceso el que tendr\u00e1 que afrontar<\/i>\u201d.<\/span><\/p>\n<p style=\"text-align: justify;\"><span style=\"font-family: Arial, sans-serif;\">Otro que sac\u00f3 la voz para hablar de lo mismo fue Juan Ignacio Sills. El defensor indic\u00f3 que \u201c<i>Gareca es un t\u00e9cnico ganador, tiene un cuerpo t\u00e9cnico fenomenal aunque sea un poco distinto a lo que se hace en Chile<\/i>\u201d. Adem\u00e1s el trasandino habl\u00f3 de su futuro, aclarando que \u201c<i>quiero seguir en la U, jugar la Copa Chile y demostrarle al nuevo t\u00e9cnico que puedo estar ac\u00e1, a\u00fan me siento en deuda porque estoy en un equipo grande de Am\u00e9rica y no pude jugar lo que quer\u00eda<\/i>\u201d. Adem\u00e1s agreg\u00f3 que \u201c<i>el t\u00e9cnico que llegue a la U debe querer ganarlo todo<\/i>\u201d.<\/span><\/p>\n<p style=\"text-align: justify;\"><span style=\"font-family: Arial, sans-serif;\">Otro que tuvo palabras para los medios fue Nicol\u00e1s Maturana, quien retorna de su pr\u00e9stamo en Iquique. El joven valor azul tambi\u00e9n habl\u00f3 sobre el supuesto nuevo estratega azul y lo uni\u00f3 con su futuro. \u201c<i>Me encantar\u00eda tener una revancha en la U, no tuve la oportunidad con <strong><span style=\"border: 1pt none windowtext; padding: 0cm; font-weight: normal;\">Figueroa<\/span><\/strong><span class=\"apple-converted-space\">&nbsp;y si llega un DT que quiera contar conmigo, estar\u00e9 presente<\/span><\/i>\u201d.<\/span><\/p>\n<p style=\"text-align: justify;\"><span style=\"font-family: Arial, sans-serif;\">Los jugadores ya hablan y se inquietan por su futuro, sabiendo que todo depende de la decisi\u00f3n de la dirigencia para quien tome el control de la banca azul.&nbsp;<\/span><\/p><\/p>\n","protected":false},"excerpt":{"rendered":"<p>En la U est\u00e1n inquietos, se sabe. Jugadores y dirigentes esperan la llegada del nuevo t\u00e9cnico para definir su futuro y ver cu\u00e1les ser\u00e1n los requerimientos del nuevo estratega y c\u00f3mo resultar\u00e1 en lo que se viene.<\/p>\n","protected":false},"author":57,"featured_media":5292,"comment_status":"open","ping_status":"open","sticky":false,"template":"","format":"standard","meta":{"footnotes":""},"categories":[18],"tags":[],"class_list":{"0":"post-3713","1":"post","2":"type-post","3":"status-publish","4":"format-standard","5":"has-post-thumbnail","7":"category-actualidad"},"_links":{"self":[{"href":"http:\/\/www.rincondelbulla.cl\/portal\/wp-json\/wp\/v2\/posts\/3713","targetHints":{"allow":["GET"]}}],"collection":[{"href":"http:\/\/www.rincondelbulla.cl\/portal\/wp-json\/wp\/v2\/posts"}],"about":[{"href":"http:\/\/www.rincondelbulla.cl\/portal\/wp-json\/wp\/v2\/types\/post"}],"author":[{"embeddable":true,"href":"http:\/\/www.rincondelbulla.cl\/portal\/wp-json\/wp\/v2\/users\/57"}],"replies":[{"embeddable":true,"href":"http:\/\/www.rincondelbulla.cl\/portal\/wp-json\/wp\/v2\/comments?post=3713"}],"version-history":[{"count":0,"href":"http:\/\/www.rincondelbulla.cl\/portal\/wp-json\/wp\/v2\/posts\/3713\/revisions"}],"wp:featuredmedia":[{"embeddable":true,"href":"http:\/\/www.rincondelbulla.cl\/portal\/wp-json\/wp\/v2\/media\/5292"}],"wp:attachment":[{"href":"http:\/\/www.rincondelbulla.cl\/portal\/wp-json\/wp\/v2\/media?parent=3713"}],"wp:term":[{"taxonomy":"category","embeddable":true,"href":"http:\/\/www.rincondelbulla.cl\/portal\/wp-json\/wp\/v2\/categories?post=3713"},{"taxonomy":"post_tag","embeddable":true,"href":"http:\/\/www.rincondelbulla.cl\/portal\/wp-json\/wp\/v2\/tags?post=3713"}],"curies":[{"name":"wp","href":"https:\/\/api.w.org\/{rel}","templated":true}]}}