{"id":3714,"date":"2014-05-08T23:10:57","date_gmt":"2014-05-08T23:10:57","guid":{"rendered":"http:\/\/www.rincondelbulla.cl\/portal\/?p=3714"},"modified":"2014-05-08T23:10:57","modified_gmt":"2014-05-08T23:10:57","slug":"waldo-ponce-el-regreso-de-un-defensor","status":"publish","type":"post","link":"http:\/\/www.rincondelbulla.cl\/portal\/2014\/05\/08\/waldo-ponce-el-regreso-de-un-defensor\/","title":{"rendered":"Waldo Ponce, el regreso de un defensor"},"content":{"rendered":"<figure id=\"attachment_5293\" aria-describedby=\"caption-attachment-5293\" style=\"width: 699px\" class=\"wp-caption alignnone\"><img loading=\"lazy\" decoding=\"async\" class=\" size-full wp-image-5293\" src=\"http:\/\/www.rincondelbulla.cl\/portal\/wp-content\/uploads\/2014\/05\/a407cca94f2ff5a45082d10c7c00bf58.jpg\" alt=\"\" class=\"caption\" title=\"Foto: Google\" width=\"699\" height=\"466\" srcset=\"http:\/\/www.rincondelbulla.cl\/portal\/wp-content\/uploads\/2014\/05\/a407cca94f2ff5a45082d10c7c00bf58.jpg 699w, http:\/\/www.rincondelbulla.cl\/portal\/wp-content\/uploads\/2014\/05\/a407cca94f2ff5a45082d10c7c00bf58-300x200.jpg 300w, http:\/\/www.rincondelbulla.cl\/portal\/wp-content\/uploads\/2014\/05\/a407cca94f2ff5a45082d10c7c00bf58-696x464.jpg 696w, http:\/\/www.rincondelbulla.cl\/portal\/wp-content\/uploads\/2014\/05\/a407cca94f2ff5a45082d10c7c00bf58-630x420.jpg 630w\" sizes=\"auto, (max-width: 699px) 100vw, 699px\" \/><figcaption id=\"caption-attachment-5293\" class=\"wp-caption-text\">Foto: Google<\/figcaption><\/figure>\n<p><p class=\"p1\"><span class=\"s1\"><strong>&nbsp;<\/strong><\/span><\/p>\n<p class=\"p1\"><span class=\"s1\"><strong>Experiencia internacional para el segundo semestre en la U. <!--more--> Escrito por: Esteban Echag\u00fce<\/strong><\/span><\/p>\n<p class=\"p1\"><span class=\"s1\">Por fin tenemos luces sobre la situaci\u00f3n de Waldo Ponce, jugador que milit\u00f3 defendiendo como su \u00faltimo equipo &nbsp;en el Cruz Azul de M\u00e9xico, despu\u00e9s de casi 2 a\u00f1os sin jugar, tras una seria intervenci\u00f3n que comprometi\u00f3 el Tal\u00f3n de Aquiles de la pierna izquierda en Espa\u00f1a, producto de una lesi\u00f3n producida defendiendo los colores de Chile, enfrentando ala selecci\u00f3n Paraguaya, en noviembre de 2011.<\/span><\/p>\n<p class=\"p1\"><span class=\"s1\">Su lesi\u00f3n es de un camino muy largo de recuperaci\u00f3n para cualquier persona, y si lo ponemos en el plano para un futbolista, fue mucho m\u00e1s. Reconstruir el hueso del tobillo no es nada f\u00e1cil.<\/span><\/p>\n<p class=\"p1\"><span class=\"s1\">Ponce, producto de su esfuerzo, el trabajo constante y la perseverancia, fue dando paulatinamente sus frutos, lentamente fue trabajando para su recuperaci\u00f3n, como comprender\u00e1n el proceso es m\u00e1s lento y desgastador, tanto f\u00edsicamente como psicol\u00f3gicamente para un jugador de f\u00fatbol, procesos lentos con rutina de ejercicios que van de apoco tonificando y recuperando m\u00fasculos y con ello la movilidad, por medio de aumento de carga y el uso de bal\u00f3n. Pudiendo chutear y disparar la de cuero.<\/span><\/p>\n<p class=\"p1\"><span class=\"s1\">Con esto podr\u00edamos tener nuevamente al jugador en las filas de &nbsp;Universidad de Chile. &nbsp;Su regreso es t\u00e1 programado para fines de julio.<\/span><\/p>\n<p class=\"p1\"><span class=\"s1\">Es as\u00ed que con esta noticia, no s\u00f3lo tendremos un jugador de una amplia trayectoria y que se identifica con los colores laicos, sino que adem\u00e1s, conforme&nbsp; mejora su \u00e1nimo, as\u00ed tambi\u00e9n mejoran las perspectivas del equipo para volver a defender a la gloriosa U y retomar la l\u00ednea de triunfos que nos debe siempre tener acostumbrados .<\/span><\/p><\/p>\n","protected":false},"excerpt":{"rendered":"<p>&nbsp; Experiencia internacional para el segundo semestre en la U.<\/p>\n","protected":false},"author":56,"featured_media":5293,"comment_status":"open","ping_status":"open","sticky":false,"template":"","format":"standard","meta":{"footnotes":""},"categories":[18],"tags":[454,70,156,143],"class_list":{"0":"post-3714","1":"post","2":"type-post","3":"status-publish","4":"format-standard","5":"has-post-thumbnail","7":"category-actualidad","8":"tag-actualidad","9":"tag-movidas","10":"tag-universidad-de-chile","11":"tag-waldo-ponce"},"_links":{"self":[{"href":"http:\/\/www.rincondelbulla.cl\/portal\/wp-json\/wp\/v2\/posts\/3714","targetHints":{"allow":["GET"]}}],"collection":[{"href":"http:\/\/www.rincondelbulla.cl\/portal\/wp-json\/wp\/v2\/posts"}],"about":[{"href":"http:\/\/www.rincondelbulla.cl\/portal\/wp-json\/wp\/v2\/types\/post"}],"author":[{"embeddable":true,"href":"http:\/\/www.rincondelbulla.cl\/portal\/wp-json\/wp\/v2\/users\/56"}],"replies":[{"embeddable":true,"href":"http:\/\/www.rincondelbulla.cl\/portal\/wp-json\/wp\/v2\/comments?post=3714"}],"version-history":[{"count":0,"href":"http:\/\/www.rincondelbulla.cl\/portal\/wp-json\/wp\/v2\/posts\/3714\/revisions"}],"wp:featuredmedia":[{"embeddable":true,"href":"http:\/\/www.rincondelbulla.cl\/portal\/wp-json\/wp\/v2\/media\/5293"}],"wp:attachment":[{"href":"http:\/\/www.rincondelbulla.cl\/portal\/wp-json\/wp\/v2\/media?parent=3714"}],"wp:term":[{"taxonomy":"category","embeddable":true,"href":"http:\/\/www.rincondelbulla.cl\/portal\/wp-json\/wp\/v2\/categories?post=3714"},{"taxonomy":"post_tag","embeddable":true,"href":"http:\/\/www.rincondelbulla.cl\/portal\/wp-json\/wp\/v2\/tags?post=3714"}],"curies":[{"name":"wp","href":"https:\/\/api.w.org\/{rel}","templated":true}]}}