{"id":3718,"date":"2014-05-18T23:40:24","date_gmt":"2014-05-18T23:40:24","guid":{"rendered":"http:\/\/www.rincondelbulla.cl\/portal\/?p=3718"},"modified":"2014-05-18T23:40:24","modified_gmt":"2014-05-18T23:40:24","slug":"la-u-no-pudo-ante-audax","status":"publish","type":"post","link":"http:\/\/www.rincondelbulla.cl\/portal\/2014\/05\/18\/la-u-no-pudo-ante-audax\/","title":{"rendered":"La U no pudo ante Audax"},"content":{"rendered":"<figure id=\"attachment_5296\" aria-describedby=\"caption-attachment-5296\" style=\"width: 460px\" class=\"wp-caption alignnone\"><img loading=\"lazy\" decoding=\"async\" class=\" size-full wp-image-5296\" src=\"http:\/\/www.rincondelbulla.cl\/portal\/wp-content\/uploads\/2014\/05\/5c7dff4aac508665717ba812fc4d58af.jpg\" alt=\"Foto: agencia UNO\" class=\"caption\" title=\"Lo de La Florida celebraron en Santa Laura\" width=\"460\" height=\"340\" srcset=\"http:\/\/www.rincondelbulla.cl\/portal\/wp-content\/uploads\/2014\/05\/5c7dff4aac508665717ba812fc4d58af.jpg 460w, http:\/\/www.rincondelbulla.cl\/portal\/wp-content\/uploads\/2014\/05\/5c7dff4aac508665717ba812fc4d58af-300x222.jpg 300w, http:\/\/www.rincondelbulla.cl\/portal\/wp-content\/uploads\/2014\/05\/5c7dff4aac508665717ba812fc4d58af-80x60.jpg 80w\" sizes=\"auto, (max-width: 460px) 100vw, 460px\" \/><figcaption id=\"caption-attachment-5296\" class=\"wp-caption-text\">Lo de La Florida celebraron en Santa Laura<\/figcaption><\/figure>\n<p><p style=\"text-align: justify;\"><strong><span style=\"font-family: Arial, sans-serif;\">Universidad de Chile cay\u00f3 ante Audax Italiano en un flojo partido v\u00e1lido por la segunda fecha de Copa Chile 2014-2015. Los azules ya dejaron escapar 5 de 6 puntos posibles, unidades que a fin de torneo pasan la cuenta.<\/span><\/strong><\/p>\n<p style=\"text-align: justify;\"><strong><span style=\"font-family: Arial, sans-serif;\"> <!--more--> <\/span><\/strong><\/p>\n<p style=\"text-align: justify;\"><span style=\"font-family: Arial, sans-serif;\">El jueves la U hab\u00eda empatado con Audax Italiano en La Florida, se ganaba un punto como visitantes aunque todos sabemos que no es lo \u00f3ptimo. Por eso se esperaba que hoy los azules se quedaran con los tres puntos en Santa Laura y comenzaran a posicionarse como un candidato en esta Copa Chile ya que con \u00e9sta se logran pasajes a Copa Sudamericana.<\/span><\/p>\n<p style=\"text-align: justify;\"><span style=\"font-family: Arial, sans-serif;\">Sin embargo el partido fue trabado y aunque la U tuvo la posesi\u00f3n del bal\u00f3n nunca se generaron jugadas claras de gol y el abuso del pelotazo hizo que la profundidad se quedara en las ideas.<\/span><\/p>\n<p style=\"text-align: justify;\"><span style=\"font-family: Arial, sans-serif;\">Quiz\u00e1s lo m\u00e1s claro en la primera parte fue una jugada de Guti\u00e9rrez, quien recibi\u00f3 un bal\u00f3n en profundidad pero defini\u00f3 casi cayendo (a m\u00ed gusto se apresur\u00f3) y Bravo despej\u00f3 con la pierna. Y, por cierto, en el primer tiempo tambi\u00e9n no se cobraron dos penales, en la misma jugada, ante Ubilla y luego Farf\u00e1n.<\/span><\/p>\n<p style=\"text-align: justify;\"><span style=\"font-family: Arial, sans-serif;\">La segunda parte fue m\u00e1s de lo mismo. M\u00e1s de lo que vimos este primer semestre. As\u00ed, no fue extra\u00f1o en una de sus pocas llegadas, el juez del partido sancionara un penal a favor de los it\u00e1licos, que fue transformado en gol por Drocco a los 64\u2019, dejando el 0-1 que, a la postre, ser\u00eda el resultado definitivo.<\/span><\/p>\n<p style=\"text-align: justify;\"><span style=\"font-family: Arial, sans-serif;\">Ram\u00f3n Fern\u00e1ndez sac\u00f3 un violento remate finalizando el partido que fue contenido por el portero Bravo. Nada m\u00e1s.<\/span><\/p>\n<p style=\"text-align: justify;\"><span style=\"font-family: Arial, sans-serif;\">La U vuelve a caer, con Romero en el banco y Lasarte en las tribunas. A esperar que el cambio de t\u00e9cnico y los refuerzos que, se supone, debieran llegar el ambiente cambie y los azules vuelvan a estar peleando en puestos de avanzada. Por ahora solo se sabe que Lasarte, aunque muchos no lo quer\u00edan(mos) en la U, est\u00e1 haciendo las cosas con profesionalismo, observando el duelo de los juveniles y luego en una reuni\u00f3n con Herrera y Jos\u00e9 Rojas, ayer.<\/span><\/p>\n<p style=\"text-align: justify;\"><span style=\"font-family: Arial, sans-serif;\">El Le\u00f3n juega solo torneos nacionales este semestre y, frente a eso, nada se puede tomar a la ligera ni dejar las cosas al azar. A esperar que con el apoyo de todos y el compromiso de los jugadores, Lasarte no deber\u00eda andar mal en este equipo.<\/span><\/p><\/p>\n","protected":false},"excerpt":{"rendered":"<p>Universidad de Chile cay\u00f3 ante Audax Italiano en un flojo partido v\u00e1lido por la segunda fecha de Copa Chile 2014-2015. Los azules ya dejaron escapar 5 de 6 puntos posibles, unidades que a fin de torneo pasan la cuenta.<\/p>\n","protected":false},"author":57,"featured_media":5296,"comment_status":"open","ping_status":"open","sticky":false,"template":"","format":"standard","meta":{"footnotes":""},"categories":[18],"tags":[223],"class_list":{"0":"post-3718","1":"post","2":"type-post","3":"status-publish","4":"format-standard","5":"has-post-thumbnail","7":"category-actualidad","8":"tag-copa-chile-20142015"},"_links":{"self":[{"href":"http:\/\/www.rincondelbulla.cl\/portal\/wp-json\/wp\/v2\/posts\/3718","targetHints":{"allow":["GET"]}}],"collection":[{"href":"http:\/\/www.rincondelbulla.cl\/portal\/wp-json\/wp\/v2\/posts"}],"about":[{"href":"http:\/\/www.rincondelbulla.cl\/portal\/wp-json\/wp\/v2\/types\/post"}],"author":[{"embeddable":true,"href":"http:\/\/www.rincondelbulla.cl\/portal\/wp-json\/wp\/v2\/users\/57"}],"replies":[{"embeddable":true,"href":"http:\/\/www.rincondelbulla.cl\/portal\/wp-json\/wp\/v2\/comments?post=3718"}],"version-history":[{"count":0,"href":"http:\/\/www.rincondelbulla.cl\/portal\/wp-json\/wp\/v2\/posts\/3718\/revisions"}],"wp:featuredmedia":[{"embeddable":true,"href":"http:\/\/www.rincondelbulla.cl\/portal\/wp-json\/wp\/v2\/media\/5296"}],"wp:attachment":[{"href":"http:\/\/www.rincondelbulla.cl\/portal\/wp-json\/wp\/v2\/media?parent=3718"}],"wp:term":[{"taxonomy":"category","embeddable":true,"href":"http:\/\/www.rincondelbulla.cl\/portal\/wp-json\/wp\/v2\/categories?post=3718"},{"taxonomy":"post_tag","embeddable":true,"href":"http:\/\/www.rincondelbulla.cl\/portal\/wp-json\/wp\/v2\/tags?post=3718"}],"curies":[{"name":"wp","href":"https:\/\/api.w.org\/{rel}","templated":true}]}}