{"id":3719,"date":"2014-05-24T21:54:09","date_gmt":"2014-05-24T21:54:09","guid":{"rendered":"http:\/\/www.rincondelbulla.cl\/portal\/?p=3719"},"modified":"2014-05-24T21:54:09","modified_gmt":"2014-05-24T21:54:09","slug":"un-cumpleanos-no-muy-feliz","status":"publish","type":"post","link":"http:\/\/www.rincondelbulla.cl\/portal\/2014\/05\/24\/un-cumpleanos-no-muy-feliz\/","title":{"rendered":"Un cumplea\u00f1os no muy feliz"},"content":{"rendered":"<figure id=\"attachment_5297\" aria-describedby=\"caption-attachment-5297\" style=\"width: 1000px\" class=\"wp-caption alignnone\"><img loading=\"lazy\" decoding=\"async\" class=\" size-full wp-image-5297\" src=\"http:\/\/www.rincondelbulla.cl\/portal\/wp-content\/uploads\/2014\/05\/6a9f3c5b527689d699d694b9128c2c94.jpg\" alt=\"Foto: ANFP\" class=\"caption\" title=\"Los azules no pudieron con Magallanes\" width=\"1000\" height=\"667\" srcset=\"http:\/\/www.rincondelbulla.cl\/portal\/wp-content\/uploads\/2014\/05\/6a9f3c5b527689d699d694b9128c2c94.jpg 1000w, http:\/\/www.rincondelbulla.cl\/portal\/wp-content\/uploads\/2014\/05\/6a9f3c5b527689d699d694b9128c2c94-300x200.jpg 300w, http:\/\/www.rincondelbulla.cl\/portal\/wp-content\/uploads\/2014\/05\/6a9f3c5b527689d699d694b9128c2c94-768x512.jpg 768w, http:\/\/www.rincondelbulla.cl\/portal\/wp-content\/uploads\/2014\/05\/6a9f3c5b527689d699d694b9128c2c94-696x464.jpg 696w, http:\/\/www.rincondelbulla.cl\/portal\/wp-content\/uploads\/2014\/05\/6a9f3c5b527689d699d694b9128c2c94-630x420.jpg 630w\" sizes=\"auto, (max-width: 1000px) 100vw, 1000px\" \/><figcaption id=\"caption-attachment-5297\" class=\"wp-caption-text\">Los azules no pudieron con Magallanes<\/figcaption><\/figure>\n<p><p style=\"text-align: justify;\"><strong><span style=\"font-family: Arial, sans-serif;\">Universidad de Chile volvi\u00f3 a caer por Copa Chile, esta vez frente a Magallanes en el estadio Santa Laura y en el d\u00eda de su aniversario.<i><\/i><\/span><\/strong><\/p>\n<p style=\"text-align: justify;\"><strong><span style=\"font-family: Arial, sans-serif;\"> <!--more--> <\/span><\/strong><\/p>\n<p style=\"text-align: justify;\"><span style=\"font-family: Arial, sans-serif;\">La U ingresaba al campo de juego con la presi\u00f3n de revertir los escasos puntos obtenidos en lo que va de Copa Chile. Y es que de seis puntos en disputa, los azules hab\u00edan ganado solamente uno, en el empate del primer duelo frente a Audax Italiano, aunque, al menos, la derrota frente a los it\u00e1licos hab\u00eda sido frente a une quipo de la divisi\u00f3n de honor.<\/span><\/p>\n<p style=\"text-align: justify;\"><span style=\"font-family: Arial, sans-serif;\">Pero \u00faltimamente nada se sabe en la U y nadie puede dar por ganado un partido antes de jugarlo. <\/span><\/p>\n<p style=\"text-align: justify;\"><span style=\"font-family: Arial, sans-serif;\">El partido comenz\u00f3 marcado por la irregularidad, donde la lucha del juego se daba, principalmente, en medio terreno y se generaban jugadas en profundidad para ambos equipos. Pero el equipo visitante se adelant\u00f3 en el marcador. Corr\u00edan 13 minutos cuando Juan Manuel P\u00e9rez aprovech\u00f3 una mala salida del portero Espinoza, luego de un tiro de esquina, para decretar el 0 a 1.<\/span><\/p>\n<p style=\"text-align: justify;\"><span style=\"font-family: Arial, sans-serif;\">Los azules se fueron con todo en busca del empate y \u00e9ste lleg\u00f3. A los 33\u2019 Ubilla aprovech\u00f3 un buen pase de Civelli para vencer al portero carabelero y decretar el empate a 1 parcial.<\/span><\/p>\n<p style=\"text-align: justify;\"><span style=\"font-family: Arial, sans-serif;\">Pero las cosas no estaban para celebrar. A los 42 minutos el juez del partido decret\u00f3 penal para Magallanes y Carlos Gonz\u00e1lez lo cambi\u00f3 por gol. 1-2 y era expulsado Magalhaes. Todo cuesta arriba.<\/span><\/p>\n<p style=\"text-align: justify;\"><span style=\"font-family: Arial, sans-serif;\">La segunda fracci\u00f3n fue similar. Los azules buscaban la paridad pero \u00e9sta no llegaba y con pocas ganas y poco f\u00fatbol no era mucho lo que se pod\u00eda esperar. As\u00ed fue como cuando el partido terminaba, Diego Pezoa pon\u00eda el 1 a 3 definitivo y luego el pitazo final.<\/span><\/p>\n<p style=\"text-align: justify;\"><span style=\"font-family: Arial, sans-serif;\">Universidad de Chile vuelve a caer y en el d\u00eda de su aniversario 87. Hay que esperar que cuando Lasarte tome el mando de manera definitiva la situaci\u00f3n mejore, por el bien de todos, mientras a seguir sufriendo y en el fondo a seguir recordando, tambi\u00e9n, los 87 a\u00f1os de penas y alegr\u00edas que ha entregado este equipo a toda su gente.&nbsp;<\/span><\/p><\/p>\n","protected":false},"excerpt":{"rendered":"<p>Universidad de Chile volvi\u00f3 a caer por Copa Chile, esta vez frente a Magallanes en el estadio Santa Laura y en el d\u00eda de su aniversario.<\/p>\n","protected":false},"author":57,"featured_media":5297,"comment_status":"open","ping_status":"open","sticky":false,"template":"","format":"standard","meta":{"footnotes":""},"categories":[18],"tags":[],"class_list":{"0":"post-3719","1":"post","2":"type-post","3":"status-publish","4":"format-standard","5":"has-post-thumbnail","7":"category-actualidad"},"_links":{"self":[{"href":"http:\/\/www.rincondelbulla.cl\/portal\/wp-json\/wp\/v2\/posts\/3719","targetHints":{"allow":["GET"]}}],"collection":[{"href":"http:\/\/www.rincondelbulla.cl\/portal\/wp-json\/wp\/v2\/posts"}],"about":[{"href":"http:\/\/www.rincondelbulla.cl\/portal\/wp-json\/wp\/v2\/types\/post"}],"author":[{"embeddable":true,"href":"http:\/\/www.rincondelbulla.cl\/portal\/wp-json\/wp\/v2\/users\/57"}],"replies":[{"embeddable":true,"href":"http:\/\/www.rincondelbulla.cl\/portal\/wp-json\/wp\/v2\/comments?post=3719"}],"version-history":[{"count":0,"href":"http:\/\/www.rincondelbulla.cl\/portal\/wp-json\/wp\/v2\/posts\/3719\/revisions"}],"wp:featuredmedia":[{"embeddable":true,"href":"http:\/\/www.rincondelbulla.cl\/portal\/wp-json\/wp\/v2\/media\/5297"}],"wp:attachment":[{"href":"http:\/\/www.rincondelbulla.cl\/portal\/wp-json\/wp\/v2\/media?parent=3719"}],"wp:term":[{"taxonomy":"category","embeddable":true,"href":"http:\/\/www.rincondelbulla.cl\/portal\/wp-json\/wp\/v2\/categories?post=3719"},{"taxonomy":"post_tag","embeddable":true,"href":"http:\/\/www.rincondelbulla.cl\/portal\/wp-json\/wp\/v2\/tags?post=3719"}],"curies":[{"name":"wp","href":"https:\/\/api.w.org\/{rel}","templated":true}]}}