{"id":3721,"date":"2014-05-30T13:29:25","date_gmt":"2014-05-30T13:29:25","guid":{"rendered":"http:\/\/www.rincondelbulla.cl\/portal\/?p=3721"},"modified":"2014-05-30T13:29:25","modified_gmt":"2014-05-30T13:29:25","slug":"movidas-azules-movimiento-y-busqueda-de-jugadores","status":"publish","type":"post","link":"http:\/\/www.rincondelbulla.cl\/portal\/2014\/05\/30\/movidas-azules-movimiento-y-busqueda-de-jugadores\/","title":{"rendered":"Movidas Azules: Movimiento y b\u00fasqueda de jugadores"},"content":{"rendered":"<p><img loading=\"lazy\" decoding=\"async\" class=\" size-full wp-image-5299\" src=\"http:\/\/www.rincondelbulla.cl\/portal\/wp-content\/uploads\/2014\/05\/a254a511d263645435862d70354806d0.jpg\" alt=\"\" width=\"699\" height=\"371\" srcset=\"http:\/\/www.rincondelbulla.cl\/portal\/wp-content\/uploads\/2014\/05\/a254a511d263645435862d70354806d0.jpg 699w, http:\/\/www.rincondelbulla.cl\/portal\/wp-content\/uploads\/2014\/05\/a254a511d263645435862d70354806d0-300x159.jpg 300w, http:\/\/www.rincondelbulla.cl\/portal\/wp-content\/uploads\/2014\/05\/a254a511d263645435862d70354806d0-696x369.jpg 696w\" sizes=\"auto, (max-width: 699px) 100vw, 699px\" \/><\/p>\n<p><p class=\"p1\">&nbsp;<\/p>\n<p class=\"p1\"><strong>Con la llegada de Mart\u00edn Lasarte se inicia un nuevo proceso en Universidad de Chile, con esto el mercado de jgadores comienza a moverse. <!--more--> <\/strong><strong>Escrito por: Esteban Echag\u00fce<\/strong><\/p>\n<p class=\"p1\">&nbsp;<\/p>\n<p class=\"p1\">Como era de esperarse seguimos con ganas de buscar nuevos y buenos refuerzos para mejorar el nivel del plantel de cara a este pr\u00f3ximo campeonato, para ello comenzamos en primer lugar a la conquista de jugadores en el medio local y luego, mirando qu\u00e9 nos puede ofrecer el otro lado de la cordillera. Pero por ahora es en nuestro medio desde donde salen las primeras noticias.<\/p>\n<p class=\"p1\">Cuando buscamos por este, nuestro medio local, y es lo que se supone esta haciendo el nuevo t\u00e9cnico Mart\u00edn Lasarte, tratando de mejorar la defensa universitaria, uno de los primero nombres que aparece fuerte es el nombre de Benjam\u00edn Vidal quien con 23 a\u00f1os, y defendiendo los colores celestes est\u00e1 en la mira de nuestro entrenador para mejorar la zaga en los azules, este jugador que parti\u00f3 en Juventud Do\u00f1ihue &nbsp;lleg\u00f3 &nbsp;a probarse y &nbsp;logr\u00f3 quedar en O&#8217;higgins, &nbsp;tuvo un breve paso por Puerto Montt, para regresar y ser parte del equipo campe\u00f3n 2013 y de la Super Copa de Chile en 2014 por \u00e9l el \u201cohi ohi\u201d, una de las trabas es que se esta pidiendo 1,5 millones de d\u00f3lares una cifra bastante elevada para las pretensiones azules.&nbsp;<\/p>\n<p class=\"p1\">Otro jugador del medio es Cristian Fernando Su\u00e1rez Figueroa, 27 a\u00f1os, central con tres a\u00f1os de participaci\u00f3n en Cobreloa, est\u00e1 tambi\u00e9n en las pretensiones de Lasarte, aunque est\u00e1 en veremos seg\u00fan la partida o no de Igor Lichnovsky.&nbsp;<\/p>\n<p class=\"p1\">Otro de los nombre que parten y nos dejan, son el delantero uruguayo Rodrigo Mora y el central Juan Ignacio Sills a quienes no se les renovar\u00eda el pr\u00e9stamo, con lo cual se liberar\u00edan dos cupos extranjeros. Otro cupo liberado es el que deja el Paraguayo Juan Rodrigo Rojas, quien fue fichado por el club mexicano Monterrey, por lo que tampoco lo considerar\u00eda Lasarte. Con estos tres cupos libres para extranjero hay mucho en qu\u00e9 pensar, y solo esperamos buenas noticias.<\/p>\n<p class=\"p1\">De las noticias que hablan de retorno de los azules a su casa, se rumorea el regreso de Rodrigo Tello que con 34 a\u00f1os y quien viene desde Turqu\u00eda, con mucha experiencia internacional, es uno de los otros aportes probables que encabezan la lista de retornados al Centro Deportivo Azul, y el \u00fanico impedimento para el retorno del jugador es el elevado monto de su pase; otra lamentable noticia que no fruct\u00edfero para el bien de la U, siendo otro de los jugadores identificados con los colores de este hermoso club, es el retorno fallido de Mat\u00edas Rodr\u00edguez quien ya fich\u00f3 por el club brasile\u00f1o Gremio de Porto Alegre, jugador s\u00edmbolo azul que entre el 2010 al 2013 en quien fuera la mejor campa\u00f1a de la Universidad de Chile aporto con su talento y maestr\u00eda.<\/p>\n<p class=\"p3\">Por ahora solo nos queda esperar cu\u00e1les ser\u00e1n los nombre extranjeros para esta nueva etapa azul<\/p><\/p>\n","protected":false},"excerpt":{"rendered":"<p>&nbsp; Con la llegada de Mart\u00edn Lasarte se inicia un nuevo proceso en Universidad de Chile, con esto el mercado de jgadores comienza a moverse.<\/p>\n","protected":false},"author":56,"featured_media":5299,"comment_status":"open","ping_status":"open","sticky":false,"template":"","format":"standard","meta":{"footnotes":""},"categories":[18],"tags":[454,225,70,156],"class_list":{"0":"post-3721","1":"post","2":"type-post","3":"status-publish","4":"format-standard","5":"has-post-thumbnail","7":"category-actualidad","8":"tag-actualidad","9":"tag-apertura-2014","10":"tag-movidas","11":"tag-universidad-de-chile"},"_links":{"self":[{"href":"http:\/\/www.rincondelbulla.cl\/portal\/wp-json\/wp\/v2\/posts\/3721","targetHints":{"allow":["GET"]}}],"collection":[{"href":"http:\/\/www.rincondelbulla.cl\/portal\/wp-json\/wp\/v2\/posts"}],"about":[{"href":"http:\/\/www.rincondelbulla.cl\/portal\/wp-json\/wp\/v2\/types\/post"}],"author":[{"embeddable":true,"href":"http:\/\/www.rincondelbulla.cl\/portal\/wp-json\/wp\/v2\/users\/56"}],"replies":[{"embeddable":true,"href":"http:\/\/www.rincondelbulla.cl\/portal\/wp-json\/wp\/v2\/comments?post=3721"}],"version-history":[{"count":0,"href":"http:\/\/www.rincondelbulla.cl\/portal\/wp-json\/wp\/v2\/posts\/3721\/revisions"}],"wp:featuredmedia":[{"embeddable":true,"href":"http:\/\/www.rincondelbulla.cl\/portal\/wp-json\/wp\/v2\/media\/5299"}],"wp:attachment":[{"href":"http:\/\/www.rincondelbulla.cl\/portal\/wp-json\/wp\/v2\/media?parent=3721"}],"wp:term":[{"taxonomy":"category","embeddable":true,"href":"http:\/\/www.rincondelbulla.cl\/portal\/wp-json\/wp\/v2\/categories?post=3721"},{"taxonomy":"post_tag","embeddable":true,"href":"http:\/\/www.rincondelbulla.cl\/portal\/wp-json\/wp\/v2\/tags?post=3721"}],"curies":[{"name":"wp","href":"https:\/\/api.w.org\/{rel}","templated":true}]}}