{"id":3722,"date":"2014-05-30T20:14:21","date_gmt":"2014-05-30T20:14:21","guid":{"rendered":"http:\/\/www.rincondelbulla.cl\/portal\/?p=3722"},"modified":"2014-05-30T20:14:21","modified_gmt":"2014-05-30T20:14:21","slug":"azules-en-la-roja-salas-nacio-para-cambiar-la-historia","status":"publish","type":"post","link":"http:\/\/www.rincondelbulla.cl\/portal\/2014\/05\/30\/azules-en-la-roja-salas-nacio-para-cambiar-la-historia\/","title":{"rendered":"Azules en la Roja: Salas, naci\u00f3 para cambiar la historia"},"content":{"rendered":"<figure id=\"attachment_5300\" aria-describedby=\"caption-attachment-5300\" style=\"width: 699px\" class=\"wp-caption alignnone\"><img loading=\"lazy\" decoding=\"async\" class=\" size-full wp-image-5300\" src=\"http:\/\/www.rincondelbulla.cl\/portal\/wp-content\/uploads\/2014\/05\/0072fc861f8558ddd0a5b9efefe3ec0b.jpg\" alt=\"\" class=\"caption\" title=\"Foto: Google\" width=\"699\" height=\"466\" srcset=\"http:\/\/www.rincondelbulla.cl\/portal\/wp-content\/uploads\/2014\/05\/0072fc861f8558ddd0a5b9efefe3ec0b.jpg 699w, http:\/\/www.rincondelbulla.cl\/portal\/wp-content\/uploads\/2014\/05\/0072fc861f8558ddd0a5b9efefe3ec0b-300x200.jpg 300w, http:\/\/www.rincondelbulla.cl\/portal\/wp-content\/uploads\/2014\/05\/0072fc861f8558ddd0a5b9efefe3ec0b-696x464.jpg 696w, http:\/\/www.rincondelbulla.cl\/portal\/wp-content\/uploads\/2014\/05\/0072fc861f8558ddd0a5b9efefe3ec0b-630x420.jpg 630w\" sizes=\"auto, (max-width: 699px) 100vw, 699px\" \/><figcaption id=\"caption-attachment-5300\" class=\"wp-caption-text\">Foto: Google<\/figcaption><\/figure>\n<p>&nbsp;<\/p>\n<p class=\"p1\">&nbsp;<\/p>\n<p class=\"p1\"><strong>Han pasado poco m\u00e1s de 14 a\u00f1os desde aquel d\u00eda y a\u00fan no olvido esos momentos de alegr\u00eda, y creo que no olvidare nunca como esa pelota revent\u00f3 las redes del arco del local.<\/strong><\/p>\n<p>  <!--more-->  <\/p>\n<p><strong>Escrito por: Samyro Chamberline<\/strong><\/p>\n<p>&nbsp;<\/p>\n<p class=\"p1\">Era un 11 de Febrero de 1998 y yo estaba de vacaciones en Pichilemu y un bar cuyo nombre no recuerdo vi como el Matador bajaba el bal\u00f3n con el muslo izquierdo y antes &nbsp;que cayera al suelo con el mismo pie bate al golero Martyn de Inglaterra.<\/p>\n<p class=\"p1\">Era el partido de despedida de uno de los estadios m\u00e1s importantes de Europa, Wembley (La Catedral del Futbol), y la selecci\u00f3n parec\u00eda ser un invitado ideal para que Inglaterra se luciera en la despedida de su casa y encajara varios goles al equipo sudamericano. Pero don Jose Marcelo Salas Melinao y diez jugadores m\u00e1s no se \u00abprestaron para el Show\u00bb en Inglaterra.<\/p>\n<p class=\"p1\">Y es que Salas naci\u00f3 para eso, para cambiar la historia, para ser un grande, ya lo hab\u00eda demostrado en la Gloriosa metiendo goles definitorios y celebrando siempre con el dedo al cielo y la rodilla en el suelo. En River no fue distinto y de ser \u00e9l \u201cel shileno\u201d paso a ser llamado como \u201cel fen\u00f3meno\u201d. Y lo de wembley ser\u00eda otra p\u00e1gina m\u00e1s en la historia del m\u00e1s grande de la historia de Chile.<\/p>\n<p class=\"p1\">Yo ten\u00eda diecisiete a\u00f1os y junto a mi padre y mi hermano esper\u00e1bamos que la Selecci\u00f3n hiciera un papel digno, porque nos hab\u00edan inculcado que en el f\u00fatbol ser digno es perder por poco. Pensar en ganar como se le gan\u00f3 a Inglaterra era una locura, una alucinaci\u00f3n quiz\u00e1s. Pero estaba Salas en la cancha y con eso basto para cambiar la historia.<\/p>\n<p class=\"p1\"><a href=\"https:\/\/www.youtube.com\/watch?v=bYwZG01Hg4Y\">https:\/\/www.youtube.com\/watch?v=bYwZG01Hg4Y<\/a><\/p>\n<p class=\"p1\">Corr\u00eda el minuto 44 en Wembley y Clarence Acu\u00f1a se la toca al \u201cCoto\u201d Sierra y este levanta la vista y mete un paso magistral de 40 metros a Jose Marcelo Salas Melinao, y ah\u00ed est\u00e1 la magia de quien vino del sur, aquel que lo bueno lo hace incre\u00edble, que lo dif\u00edcil lo hace parecer f\u00e1cil y que con esa surda callo a un estadio completo. Ya en el segundo tiempo por si fuera poco en el \u00e1rea rival le dio un paseo a Campbell, quien con impotencia bajo al matador que nuevamente de zurda y est\u00e1 vez desde los doce pasos puso el 2-0 definitivo. Como escuche por ah\u00ed \u201cfue tan bueno el gol y el partido que hizo Salas, que a los ingleses no les quedo otra que derrumbar el estadio\u201d.<\/p>\n<p class=\"p1\">&nbsp;<\/p>\n<p class=\"p1\"><a href=\"https:\/\/www.youtube.com\/watch?v=uwNHKQ0waTU\">https:\/\/www.youtube.com\/watch?v=uwNHKQ0waTU<\/a><\/p>\n<p>&nbsp;<\/p>\n","protected":false},"excerpt":{"rendered":"<p>&nbsp; &nbsp; Han pasado poco m\u00e1s de 14 a\u00f1os desde aquel d\u00eda y a\u00fan no olvido esos momentos de alegr\u00eda, y creo que no olvidare nunca como esa pelota revent\u00f3 las redes del arco del local.<\/p>\n","protected":false},"author":56,"featured_media":5300,"comment_status":"open","ping_status":"open","sticky":false,"template":"","format":"standard","meta":{"footnotes":""},"categories":[18],"tags":[454,226,63,156],"class_list":{"0":"post-3722","1":"post","2":"type-post","3":"status-publish","4":"format-standard","5":"has-post-thumbnail","7":"category-actualidad","8":"tag-actualidad","9":"tag-azules-en-la-roja","10":"tag-marcelo-salas","11":"tag-universidad-de-chile"},"_links":{"self":[{"href":"http:\/\/www.rincondelbulla.cl\/portal\/wp-json\/wp\/v2\/posts\/3722","targetHints":{"allow":["GET"]}}],"collection":[{"href":"http:\/\/www.rincondelbulla.cl\/portal\/wp-json\/wp\/v2\/posts"}],"about":[{"href":"http:\/\/www.rincondelbulla.cl\/portal\/wp-json\/wp\/v2\/types\/post"}],"author":[{"embeddable":true,"href":"http:\/\/www.rincondelbulla.cl\/portal\/wp-json\/wp\/v2\/users\/56"}],"replies":[{"embeddable":true,"href":"http:\/\/www.rincondelbulla.cl\/portal\/wp-json\/wp\/v2\/comments?post=3722"}],"version-history":[{"count":0,"href":"http:\/\/www.rincondelbulla.cl\/portal\/wp-json\/wp\/v2\/posts\/3722\/revisions"}],"wp:featuredmedia":[{"embeddable":true,"href":"http:\/\/www.rincondelbulla.cl\/portal\/wp-json\/wp\/v2\/media\/5300"}],"wp:attachment":[{"href":"http:\/\/www.rincondelbulla.cl\/portal\/wp-json\/wp\/v2\/media?parent=3722"}],"wp:term":[{"taxonomy":"category","embeddable":true,"href":"http:\/\/www.rincondelbulla.cl\/portal\/wp-json\/wp\/v2\/categories?post=3722"},{"taxonomy":"post_tag","embeddable":true,"href":"http:\/\/www.rincondelbulla.cl\/portal\/wp-json\/wp\/v2\/tags?post=3722"}],"curies":[{"name":"wp","href":"https:\/\/api.w.org\/{rel}","templated":true}]}}