{"id":3723,"date":"2014-06-02T19:33:00","date_gmt":"2014-06-02T19:33:00","guid":{"rendered":"http:\/\/www.rincondelbulla.cl\/portal\/?p=3723"},"modified":"2014-08-30T20:23:52","modified_gmt":"2014-08-30T20:23:52","slug":"el-adios-del-relojito","status":"publish","type":"post","link":"http:\/\/www.rincondelbulla.cl\/portal\/2014\/06\/02\/el-adios-del-relojito\/","title":{"rendered":"El Adios del \u00abRelojito\u00bb"},"content":{"rendered":"<p><img loading=\"lazy\" decoding=\"async\" class=\" size-full wp-image-5301\" src=\"http:\/\/www.rincondelbulla.cl\/portal\/wp-content\/uploads\/2014\/06\/cebe7a32f718abbc3fe317e430c8f4d8.jpg\" alt=\"\" width=\"699\" height=\"466\" srcset=\"http:\/\/www.rincondelbulla.cl\/portal\/wp-content\/uploads\/2014\/06\/cebe7a32f718abbc3fe317e430c8f4d8.jpg 699w, http:\/\/www.rincondelbulla.cl\/portal\/wp-content\/uploads\/2014\/06\/cebe7a32f718abbc3fe317e430c8f4d8-300x200.jpg 300w, http:\/\/www.rincondelbulla.cl\/portal\/wp-content\/uploads\/2014\/06\/cebe7a32f718abbc3fe317e430c8f4d8-696x464.jpg 696w, http:\/\/www.rincondelbulla.cl\/portal\/wp-content\/uploads\/2014\/06\/cebe7a32f718abbc3fe317e430c8f4d8-630x420.jpg 630w\" sizes=\"auto, (max-width: 699px) 100vw, 699px\" \/><\/p>\n<p class=\"p1\"><strong>\u00a0<\/strong><\/p>\n<p class=\"p1\"><strong>Romero se despidi\u00f3 como t\u00e9cnico de la gloriosa con un holgado triunfo sobre los microbuseros. Luego de 27 encuentros a cargo del primer equipo azul vuelve a hacerse cargo en las inferiores del club. <!--more--> <\/strong><\/p>\n<p class=\"p1\">\n<p class=\"p1\"><strong>Exrito por: Samyro Chamberline<\/strong><\/p>\n<p class=\"p1\">Cristian \u00abRelojito\u00bb Romero el S\u00e1bado pasado dirigi\u00f3 el ultimo encuentro a cargo del primer equipo de la Universidad de Chile, y pese a que siempre supo que lo suyo ten\u00eda fecha de vencimiento.<\/p>\n<p class=\"p1\">Con un muy buen comienzo al mando del \u00abRom\u00e1ntico Viajero\u00bb se ilusion\u00f3 con quedarse por m\u00e1s tiempo sentado en el banquillo azul. Los resultados no lo acompa\u00f1aron, el juego dentro del campo tampoco y hoy luego de 5 meses al mando del plantel de honor universitario vuelve a ocupar su cargo en las inferiores del CDA.<\/p>\n<p class=\"p1\">\n<p class=\"p1\">Frente a santiago Morning, la U mostr\u00f3 m\u00e1s claridad dentro del campo de juego y sobre todo a jugadores ocupando sus posiciones naturales, destacando Maturana, Michel Contreras y Sebasti\u00e1n Ubilla. A la gloriosa le bastaron 45 minutos del encuentro para marcar diferencias y sellar el 3-0 definitivo. Debemos destacar la actuaci\u00f3n del portero Espinoza que es muy fuerte en los mano a mano.<\/p>\n<p class=\"p1\"><strong>Analisis de la era Romero<\/strong><\/p>\n<p class=\"p1\"><strong>Confusi\u00f3n<\/strong><\/p>\n<p class=\"p1\">Varias veces nos sorprendi\u00f3 el \u00abRelojito\u00bb al no repetir el once o ir alternando jugadores luego de que alguno hubiera realizado una actuaci\u00f3n destacada. Tambi\u00e9n era normal que un jugador ni siquiera fuera citado y al otro partido titular. Se not\u00f3 confusi\u00f3n de parte del ex-defensor.<\/p>\n<p class=\"p1\"><strong>Falta de Autocr\u00edtica<\/strong><\/p>\n<p class=\"p1\">Desde que asumi\u00f3 el cargo nunca le escuchamos palabras de autocr\u00edtica, \u00a0recordada son sus declaraciones luego del partido en Velho Horizonte contra Cruzeiro. Tambi\u00e9n al momento de asumir declara \u201cQue los refuerzos eran de nivel mundial\u201d refiri\u00e9ndose a Caruzzo y Mora, uno fue titular la mayor parte del semestre y el otro jug\u00f3 poco y nada y no se le renov\u00f3 el contrato.<\/p>\n<p class=\"p1\"><strong>Falta de Liderazgo<\/strong><\/p>\n<p class=\"p1\">Los jugadores, salvo los primeros encuentros dirigido por Romero, no se mostraron con motivaci\u00f3n dentro de la cancha y con claridad de la posici\u00f3n y el desempe\u00f1o que deb\u00edan llevar a cabo dentro del campo de juego. Recordamos tambi\u00e9n cuando en el cl\u00e1sico con los \u00abincoloros\u00bb fue el propio Herrera quien le solicito de forma imperativa el ingreso del Charrua Mora.<\/p>\n","protected":false},"excerpt":{"rendered":"<p>\u00a0 Romero se despidi\u00f3 como t\u00e9cnico de la gloriosa con un holgado triunfo sobre los microbuseros. Luego de 27 encuentros a cargo del primer equipo azul vuelve a hacerse cargo en las inferiores del club.<\/p>\n","protected":false},"author":56,"featured_media":5301,"comment_status":"open","ping_status":"open","sticky":false,"template":"","format":"standard","meta":{"footnotes":""},"categories":[18],"tags":[454,223,36,188,156],"class_list":{"0":"post-3723","1":"post","2":"type-post","3":"status-publish","4":"format-standard","5":"has-post-thumbnail","7":"category-actualidad","8":"tag-actualidad","9":"tag-copa-chile-20142015","10":"tag-opinion","11":"tag-relojito-romero","12":"tag-universidad-de-chile"},"_links":{"self":[{"href":"http:\/\/www.rincondelbulla.cl\/portal\/wp-json\/wp\/v2\/posts\/3723","targetHints":{"allow":["GET"]}}],"collection":[{"href":"http:\/\/www.rincondelbulla.cl\/portal\/wp-json\/wp\/v2\/posts"}],"about":[{"href":"http:\/\/www.rincondelbulla.cl\/portal\/wp-json\/wp\/v2\/types\/post"}],"author":[{"embeddable":true,"href":"http:\/\/www.rincondelbulla.cl\/portal\/wp-json\/wp\/v2\/users\/56"}],"replies":[{"embeddable":true,"href":"http:\/\/www.rincondelbulla.cl\/portal\/wp-json\/wp\/v2\/comments?post=3723"}],"version-history":[{"count":1,"href":"http:\/\/www.rincondelbulla.cl\/portal\/wp-json\/wp\/v2\/posts\/3723\/revisions"}],"predecessor-version":[{"id":5459,"href":"http:\/\/www.rincondelbulla.cl\/portal\/wp-json\/wp\/v2\/posts\/3723\/revisions\/5459"}],"wp:featuredmedia":[{"embeddable":true,"href":"http:\/\/www.rincondelbulla.cl\/portal\/wp-json\/wp\/v2\/media\/5301"}],"wp:attachment":[{"href":"http:\/\/www.rincondelbulla.cl\/portal\/wp-json\/wp\/v2\/media?parent=3723"}],"wp:term":[{"taxonomy":"category","embeddable":true,"href":"http:\/\/www.rincondelbulla.cl\/portal\/wp-json\/wp\/v2\/categories?post=3723"},{"taxonomy":"post_tag","embeddable":true,"href":"http:\/\/www.rincondelbulla.cl\/portal\/wp-json\/wp\/v2\/tags?post=3723"}],"curies":[{"name":"wp","href":"https:\/\/api.w.org\/{rel}","templated":true}]}}