{"id":3739,"date":"2014-07-19T00:11:38","date_gmt":"2014-07-19T00:11:38","guid":{"rendered":"http:\/\/www.rincondelbulla.cl\/portal\/?p=3739"},"modified":"2014-07-19T00:11:38","modified_gmt":"2014-07-19T00:11:38","slug":"refuerzos-guzman-pereira-y-sus-ganas-de-ganarlo-todo","status":"publish","type":"post","link":"http:\/\/www.rincondelbulla.cl\/portal\/2014\/07\/19\/refuerzos-guzman-pereira-y-sus-ganas-de-ganarlo-todo\/","title":{"rendered":"Refuerzos: Guzm\u00e1n Pereira y sus ganas de ganarlo todo"},"content":{"rendered":"<figure id=\"attachment_5317\" aria-describedby=\"caption-attachment-5317\" style=\"width: 701px\" class=\"wp-caption alignnone\"><img loading=\"lazy\" decoding=\"async\" class=\" size-full wp-image-5317\" src=\"http:\/\/www.rincondelbulla.cl\/portal\/wp-content\/uploads\/2014\/07\/81c1de7c03032ee2eb0df63f84750dcf.jpg\" alt=\"\" class=\"caption\" title=\"Foto: udechile.cl\" width=\"701\" height=\"701\" srcset=\"http:\/\/www.rincondelbulla.cl\/portal\/wp-content\/uploads\/2014\/07\/81c1de7c03032ee2eb0df63f84750dcf.jpg 701w, http:\/\/www.rincondelbulla.cl\/portal\/wp-content\/uploads\/2014\/07\/81c1de7c03032ee2eb0df63f84750dcf-150x150.jpg 150w, http:\/\/www.rincondelbulla.cl\/portal\/wp-content\/uploads\/2014\/07\/81c1de7c03032ee2eb0df63f84750dcf-300x300.jpg 300w, http:\/\/www.rincondelbulla.cl\/portal\/wp-content\/uploads\/2014\/07\/81c1de7c03032ee2eb0df63f84750dcf-696x696.jpg 696w, http:\/\/www.rincondelbulla.cl\/portal\/wp-content\/uploads\/2014\/07\/81c1de7c03032ee2eb0df63f84750dcf-420x420.jpg 420w\" sizes=\"auto, (max-width: 701px) 100vw, 701px\" \/><figcaption id=\"caption-attachment-5317\" class=\"wp-caption-text\">Foto: udechile.cl<\/figcaption><\/figure>\n<p>&nbsp;<\/p>\n<p><strong>Ricardo Guzm\u00e1n Pereira, Guzm\u00e1n como segundo nombre y el que le gusta usar, llega a la U para ocupar un puesto que no se ha logrado cubrir desde la partida de Marcelo D\u00edaz. <\/strong><\/p>\n<p><strong>Escrito por: Samyro Chmberline <!--more--> <\/strong><\/p>\n<p><strong>&nbsp;<\/strong><\/p>\n<p><strong><\/strong>Guzm\u00e1n proveniente del Wanderers de Montevideo, ocupaba la camiseta n\u00famero cinco y era el capit\u00e1n del equipo charr\u00faa. Era el due\u00f1o del mediocampo en el club que lo vio nacer y en la selecci\u00f3n sub 20 Oriental del a\u00f1o 2011. Un jugador que muerde mucho en el mediocampo, pero siempre limpio en el quite y con gran despliegue f\u00edsico, pelota que recupera se la entrega de buena manera a los compa\u00f1eros. Mide un metro ochenta y pesa setenta y cuatro kilos, posee buen cabezazo e interesante pegada de larga distancia, pero lo suyo es recuperar el bal\u00f3n en el medio terreno y entregarlo de buena manera a un compa\u00f1ero m\u00e1s habilidoso para iniciar el ataque.<\/p>\n<p><p class=\"p1\">\u201cVamos a ganar todo\u201d anunci\u00f3 al momento de ser presentado, y as\u00ed lo esperamos, bienvenido Guzm\u00e1n Pereira. &nbsp;<\/p><\/p>\n","protected":false},"excerpt":{"rendered":"<p>&nbsp; Ricardo Guzm\u00e1n Pereira, Guzm\u00e1n como segundo nombre y el que le gusta usar, llega a la U para ocupar un puesto que no se ha logrado cubrir desde la partida de Marcelo D\u00edaz. Escrito por: Samyro Chmberline<\/p>\n","protected":false},"author":56,"featured_media":5317,"comment_status":"open","ping_status":"open","sticky":false,"template":"","format":"standard","meta":{"footnotes":""},"categories":[18],"tags":[454,232,186,241,237,156],"class_list":{"0":"post-3739","1":"post","2":"type-post","3":"status-publish","4":"format-standard","5":"has-post-thumbnail","7":"category-actualidad","8":"tag-actualidad","9":"tag-apertura-2014-2015","10":"tag-movidas-2014","11":"tag-movidas-azules","12":"tag-refuerzos-2014-2015","13":"tag-universidad-de-chile"},"_links":{"self":[{"href":"http:\/\/www.rincondelbulla.cl\/portal\/wp-json\/wp\/v2\/posts\/3739","targetHints":{"allow":["GET"]}}],"collection":[{"href":"http:\/\/www.rincondelbulla.cl\/portal\/wp-json\/wp\/v2\/posts"}],"about":[{"href":"http:\/\/www.rincondelbulla.cl\/portal\/wp-json\/wp\/v2\/types\/post"}],"author":[{"embeddable":true,"href":"http:\/\/www.rincondelbulla.cl\/portal\/wp-json\/wp\/v2\/users\/56"}],"replies":[{"embeddable":true,"href":"http:\/\/www.rincondelbulla.cl\/portal\/wp-json\/wp\/v2\/comments?post=3739"}],"version-history":[{"count":0,"href":"http:\/\/www.rincondelbulla.cl\/portal\/wp-json\/wp\/v2\/posts\/3739\/revisions"}],"wp:featuredmedia":[{"embeddable":true,"href":"http:\/\/www.rincondelbulla.cl\/portal\/wp-json\/wp\/v2\/media\/5317"}],"wp:attachment":[{"href":"http:\/\/www.rincondelbulla.cl\/portal\/wp-json\/wp\/v2\/media?parent=3739"}],"wp:term":[{"taxonomy":"category","embeddable":true,"href":"http:\/\/www.rincondelbulla.cl\/portal\/wp-json\/wp\/v2\/categories?post=3739"},{"taxonomy":"post_tag","embeddable":true,"href":"http:\/\/www.rincondelbulla.cl\/portal\/wp-json\/wp\/v2\/tags?post=3739"}],"curies":[{"name":"wp","href":"https:\/\/api.w.org\/{rel}","templated":true}]}}