{"id":3740,"date":"2014-07-19T15:09:36","date_gmt":"2014-07-19T15:09:36","guid":{"rendered":"http:\/\/www.rincondelbulla.cl\/portal\/?p=3740"},"modified":"2014-07-19T15:09:36","modified_gmt":"2014-07-19T15:09:36","slug":"la-previa-el-romantico-viajero-vuelve-a-la-cancha","status":"publish","type":"post","link":"http:\/\/www.rincondelbulla.cl\/portal\/2014\/07\/19\/la-previa-el-romantico-viajero-vuelve-a-la-cancha\/","title":{"rendered":"La previa: El Rom\u00e1ntico Viajero vuelve a la cancha"},"content":{"rendered":"<figure id=\"attachment_5318\" aria-describedby=\"caption-attachment-5318\" style=\"width: 702px\" class=\"wp-caption alignnone\"><img loading=\"lazy\" decoding=\"async\" class=\" size-full wp-image-5318\" src=\"http:\/\/www.rincondelbulla.cl\/portal\/wp-content\/uploads\/2014\/07\/1b17286058d127164f8eacc154edfaaa.jpg\" alt=\"\" class=\"caption\" title=\"Foto: Google\" width=\"702\" height=\"468\" srcset=\"http:\/\/www.rincondelbulla.cl\/portal\/wp-content\/uploads\/2014\/07\/1b17286058d127164f8eacc154edfaaa.jpg 702w, http:\/\/www.rincondelbulla.cl\/portal\/wp-content\/uploads\/2014\/07\/1b17286058d127164f8eacc154edfaaa-300x200.jpg 300w, http:\/\/www.rincondelbulla.cl\/portal\/wp-content\/uploads\/2014\/07\/1b17286058d127164f8eacc154edfaaa-696x464.jpg 696w, http:\/\/www.rincondelbulla.cl\/portal\/wp-content\/uploads\/2014\/07\/1b17286058d127164f8eacc154edfaaa-630x420.jpg 630w\" sizes=\"auto, (max-width: 702px) 100vw, 702px\" \/><figcaption id=\"caption-attachment-5318\" class=\"wp-caption-text\">Foto: Google<\/figcaption><\/figure>\n<p>&nbsp;<\/p>\n<p><p class=\"p1\"><span class=\"s1\"><strong>Este domingo los azules debutar\u00e1n en el torneo ante Cobresal. Ser\u00e1 el debut oficial tanto para Mart\u00edn Lasarte como para una serie de refuerzos. <!--more--> <\/strong><\/span><span class=\"s1\"><strong>Por Enrique Moreno | @EnriqueMorenoS<\/strong><\/span><\/p>\n<p class=\"p1\"><span class=\"s1\">Desde las 18 horas del domingo, la \u201cU\u201d enfrentar\u00e1 en el Estadio Santa Laura a Cobresal con el arbitraje de Jorge Osorio, en lo que ser\u00e1 su debut en el Torneo de Apertura 2014\/2015. La intenci\u00f3n de los azules ser\u00e1 partir con el pie derecho y encumbrarse desde un comienzo en la punta del torneo, algo que los hinchas esperan que suceda ante las buenas contrataciones que se han hecho.<\/span><\/p>\n<p class=\"p1\"><span class=\"s1\"><strong>Formaci\u00f3n de la \u201cU\u201d<\/strong><\/span><\/p>\n<p class=\"p1\"><span class=\"s1\">Mart\u00edn Lasarte ya comienza a delinear el esquema que utilizar\u00e1 este semestre, siendo un marcado 4-3-3. Adem\u00e1s, ser\u00e1 la ocasi\u00f3n para que se produzca el debut de cuatro de los nuevos refuerzos.<\/span><\/p>\n<p class=\"p1\"><span class=\"s1\">Ante la ausencia de Cristian Cuevas por estar de gira con la selecci\u00f3n sub 20, el puesto de lateral izquierdo deber\u00e1 ser suplido por Cristi\u00e1n Su\u00e1rez. Al no sentir el puesto, \u201cMachete\u201d apostar\u00e1 por C\u00e9sar Cort\u00e9s por la banda izquierda en el medio, para darle mayor proyecci\u00f3n a aquel sector. En tanto, Gustavo Lorenzetti sufri\u00f3 de un desgarro que lo mantendr\u00e1 tres semanas fuera de las canchas.<\/span><\/p>\n<p class=\"p1\"><span class=\"s1\">En el resto de posiciones no habr\u00eda sorpresas, siendo la m\u00e1s posible formaci\u00f3n con Johnny Herrera; Mathias Corujo, Benjam\u00edn Vidal, Osvaldo Gonz\u00e1lez, Cristi\u00e1n Su\u00e1rez; Sebasti\u00e1n Mart\u00ednez, Gonzalo Espinoza, C\u00e9sar Cort\u00e9s; Sebasti\u00e1n Ubilla, Gustavo Canales y Patricio Rubio.<\/span><\/p>\n<p class=\"p1\"><span class=\"s1\"><strong>Historial y estad\u00edstica<\/strong><\/span><\/p>\n<p class=\"p1\"><span class=\"s1\">La \u00faltima vez que azules y mineros se enfrentaron fue el 14 de enero de este a\u00f1o en el estadio El Cobre de El Salvador, en lo que ser\u00eda derrota para los azules por 2-1 con descuento del paraguayo Juan Rodrigo Rojas y que a la postre significar\u00eda la renuncia del \u201cFantasma\u201d Figueroa.<\/span><\/p>\n<p class=\"p1\"><span class=\"s1\">En tanto, en Santa Laura se enfrentaron por \u00faltima vez el 9 de agosto del a\u00f1o pasado, ocasi\u00f3n en que los laicos se impusieron por 3-0 con anotaciones de Ram\u00f3n Fern\u00e1ndez, Rub\u00e9n Farf\u00e1n y Patricio Rubio.<\/span><\/p>\n<p class=\"p1\"><span class=\"s1\">En cuanto al historial, de 48 partidos disputados entre ambos, la \u201cU\u201d se impuso en 30, empat\u00f3 en 9 y cay\u00f3 en 9, teniendo un 72% de rendimiento con 105 goles a favor y 64 en contra.<\/span><\/p>\n<p class=\"p1\"><span class=\"s1\"><strong>Entradas y transmisi\u00f3n<\/strong><\/span><\/p>\n<p class=\"p1\"><span class=\"s1\">Desde este torneo la \u201cU\u201d dejar\u00e1 de vender sus entradas a trav\u00e9s del sistema Daleticket y vuelve a Puntoticket, el que ya utiliz\u00f3 en 2012.<\/span><\/p>\n<p class=\"p1\"><span class=\"s1\">Para este partido no se vender\u00e1n entradas de manera presencial en boleter\u00edas y solo se realizar\u00e1 de manera online a trav\u00e9s de la p\u00e1gina web de Puntoticket. (<a href=\"http:\/\/www.puntoticket.com\/Evento.aspx?EventoID=UCH034\">http:\/\/www.puntoticket.com\/Evento.aspx?EventoID=UCH034<\/a>)<\/span><\/p>\n<p class=\"p1\"><span class=\"s1\">Los precios son: Galer\u00edas norte y sur $5.000, Galer\u00eda ni\u00f1o $3.000, Andes $8.000, Andes ni\u00f1o $4.000 y Marquesina $15.000.<\/span><\/p>\n<p class=\"p1\"><span class=\"s1\">El partido ser\u00e1 transmitido en vivo por CDF Premium y CDF HD con media hora de previa, como tambi\u00e9n podr\u00e1s seguir el minuto a minuto en el fan page de Rinc\u00f3n del Bulla.<\/span><\/p><\/p>\n","protected":false},"excerpt":{"rendered":"<p>&nbsp; Este domingo los azules debutar\u00e1n en el torneo ante Cobresal. Ser\u00e1 el debut oficial tanto para Mart\u00edn Lasarte como para una serie de refuerzos.<\/p>\n","protected":false},"author":56,"featured_media":5318,"comment_status":"open","ping_status":"open","sticky":false,"template":"","format":"standard","meta":{"footnotes":""},"categories":[18],"tags":[454,232,37,156],"class_list":{"0":"post-3740","1":"post","2":"type-post","3":"status-publish","4":"format-standard","5":"has-post-thumbnail","7":"category-actualidad","8":"tag-actualidad","9":"tag-apertura-2014-2015","10":"tag-la-previa","11":"tag-universidad-de-chile"},"_links":{"self":[{"href":"http:\/\/www.rincondelbulla.cl\/portal\/wp-json\/wp\/v2\/posts\/3740","targetHints":{"allow":["GET"]}}],"collection":[{"href":"http:\/\/www.rincondelbulla.cl\/portal\/wp-json\/wp\/v2\/posts"}],"about":[{"href":"http:\/\/www.rincondelbulla.cl\/portal\/wp-json\/wp\/v2\/types\/post"}],"author":[{"embeddable":true,"href":"http:\/\/www.rincondelbulla.cl\/portal\/wp-json\/wp\/v2\/users\/56"}],"replies":[{"embeddable":true,"href":"http:\/\/www.rincondelbulla.cl\/portal\/wp-json\/wp\/v2\/comments?post=3740"}],"version-history":[{"count":0,"href":"http:\/\/www.rincondelbulla.cl\/portal\/wp-json\/wp\/v2\/posts\/3740\/revisions"}],"wp:featuredmedia":[{"embeddable":true,"href":"http:\/\/www.rincondelbulla.cl\/portal\/wp-json\/wp\/v2\/media\/5318"}],"wp:attachment":[{"href":"http:\/\/www.rincondelbulla.cl\/portal\/wp-json\/wp\/v2\/media?parent=3740"}],"wp:term":[{"taxonomy":"category","embeddable":true,"href":"http:\/\/www.rincondelbulla.cl\/portal\/wp-json\/wp\/v2\/categories?post=3740"},{"taxonomy":"post_tag","embeddable":true,"href":"http:\/\/www.rincondelbulla.cl\/portal\/wp-json\/wp\/v2\/tags?post=3740"}],"curies":[{"name":"wp","href":"https:\/\/api.w.org\/{rel}","templated":true}]}}