{"id":3743,"date":"2014-07-21T19:44:42","date_gmt":"2014-07-21T19:44:42","guid":{"rendered":"http:\/\/www.rincondelbulla.cl\/portal\/?p=3743"},"modified":"2014-08-30T20:27:55","modified_gmt":"2014-08-30T20:27:55","slug":"primer-triunfo-de-la-era-lasarte","status":"publish","type":"post","link":"http:\/\/www.rincondelbulla.cl\/portal\/2014\/07\/21\/primer-triunfo-de-la-era-lasarte\/","title":{"rendered":"Primer triunfo de la era Lasarte"},"content":{"rendered":"<p><img loading=\"lazy\" decoding=\"async\" class=\" size-full wp-image-5321\" src=\"http:\/\/www.rincondelbulla.cl\/portal\/wp-content\/uploads\/2014\/07\/5ea8097f9796a0bc1d24d672525a1a0b.jpg\" alt=\"\" width=\"900\" height=\"600\" srcset=\"http:\/\/www.rincondelbulla.cl\/portal\/wp-content\/uploads\/2014\/07\/5ea8097f9796a0bc1d24d672525a1a0b.jpg 900w, http:\/\/www.rincondelbulla.cl\/portal\/wp-content\/uploads\/2014\/07\/5ea8097f9796a0bc1d24d672525a1a0b-300x200.jpg 300w, http:\/\/www.rincondelbulla.cl\/portal\/wp-content\/uploads\/2014\/07\/5ea8097f9796a0bc1d24d672525a1a0b-768x512.jpg 768w, http:\/\/www.rincondelbulla.cl\/portal\/wp-content\/uploads\/2014\/07\/5ea8097f9796a0bc1d24d672525a1a0b-696x464.jpg 696w, http:\/\/www.rincondelbulla.cl\/portal\/wp-content\/uploads\/2014\/07\/5ea8097f9796a0bc1d24d672525a1a0b-630x420.jpg 630w\" sizes=\"auto, (max-width: 900px) 100vw, 900px\" \/><\/p>\n<p class=\"p1\">\n<p class=\"p1\"><strong>Llegamos al Estadio Santa Laura para ver el debut de la Gloriosa a cargo del profe Lasarte, el debut de varios refuerzos, el reestreno de Gustavo Canales y principalmente a acompa\u00f1ar al Rom\u00e1ntico Viajero en el inicio del torneo de Apertura 2014-2015. <!--more--> Escrito por: Samyro Chamberline<\/strong><\/p>\n<p class=\"p1\">En una fr\u00eda tarde Santiaguina la nueva U aprob\u00f3 el primer ex\u00e1men del torneo y dej\u00f3 un muy buen sabor en los m\u00e1s de 16 mil hinchas azules que llegaron a acompa\u00f1ar al Le\u00f3n una vez m\u00e1s. La U form\u00f3 con Herrera; Corujo, Gonz\u00e1lez, Vidal y Su\u00e1rez; Mart\u00ednez, Espinoza y Carmona; Ubilla, Canales y Rubio. No nos hab\u00edamos alcanzado a acomodar en nuestros asientos cuando ya est\u00e1bamos de pie gritando el primer gol azul, Mathias Corujo culmin\u00f3 la jugada que comenz\u00f3 con un frentazo impecable para batir a Peric. A los 11` anot\u00f3 Ubilla y a los 35&#8242;, Rubio de cabeza. El segundo tiempo pareci\u00f3 ser innecesario a no ser por el descuento de Escobar para Cobresal y la expulsi\u00f3n de Jerez en los del norte.<\/p>\n<p class=\"p1\"><strong>An\u00e1lisis T\u00e1ctico<\/strong><\/p>\n<p class=\"p1\"><strong>Despliegue F\u00edsico<\/strong><\/p>\n<p class=\"p1\">De hace mucho tiempo no ve\u00edamos a nuestro equipo corriendo todas las pelotas, ganando casi todos los rebotes y precionando en gran parte del terreno de juego. Debemos destacar lo de Espinoza quien se \u00abcomi\u00f3\u00bb el medioterreno y fue permanente agente ofensivo junt\u00e1ndose especialmente con Canales.<\/p>\n<p class=\"p1\"><strong>Al fin un lateral derecho<\/strong><\/p>\n<p class=\"p1\">Desde la partida de Mat\u00edas Rodr\u00edguez que no ten\u00edamos un especialista en la banda diestra, Corujo maneja el puesto a la perfecci\u00f3n y hasta se dio el lujo de debutar marcando un gol.<\/p>\n<p class=\"p1\"><strong>Canales pura t\u00e9cnica<\/strong><\/p>\n<p class=\"p1\">Gustavo Canales ayer demosotr\u00f3 que los an\u00e1lisis medicos sirven muy poco a la hora de pisar el campo de juego. Fue un permanente dolor de cabeza para los defensas nortinos, y por poquito no re-debuto con un golazo.<\/p>\n<p class=\"p1\">Esta U ilusiona.<\/p>\n","protected":false},"excerpt":{"rendered":"<p>Llegamos al Estadio Santa Laura para ver el debut de la Gloriosa a cargo del profe Lasarte, el debut de varios refuerzos, el reestreno de Gustavo Canales y principalmente a acompa\u00f1ar al Rom\u00e1ntico Viajero en el inicio del torneo de Apertura 2014-2015.<\/p>\n","protected":false},"author":56,"featured_media":5321,"comment_status":"open","ping_status":"open","sticky":false,"template":"","format":"standard","meta":{"footnotes":""},"categories":[18],"tags":[454,232,224,36,156],"class_list":{"0":"post-3743","1":"post","2":"type-post","3":"status-publish","4":"format-standard","5":"has-post-thumbnail","7":"category-actualidad","8":"tag-actualidad","9":"tag-apertura-2014-2015","10":"tag-martin-lasarte","11":"tag-opinion","12":"tag-universidad-de-chile"},"_links":{"self":[{"href":"http:\/\/www.rincondelbulla.cl\/portal\/wp-json\/wp\/v2\/posts\/3743","targetHints":{"allow":["GET"]}}],"collection":[{"href":"http:\/\/www.rincondelbulla.cl\/portal\/wp-json\/wp\/v2\/posts"}],"about":[{"href":"http:\/\/www.rincondelbulla.cl\/portal\/wp-json\/wp\/v2\/types\/post"}],"author":[{"embeddable":true,"href":"http:\/\/www.rincondelbulla.cl\/portal\/wp-json\/wp\/v2\/users\/56"}],"replies":[{"embeddable":true,"href":"http:\/\/www.rincondelbulla.cl\/portal\/wp-json\/wp\/v2\/comments?post=3743"}],"version-history":[{"count":1,"href":"http:\/\/www.rincondelbulla.cl\/portal\/wp-json\/wp\/v2\/posts\/3743\/revisions"}],"predecessor-version":[{"id":5473,"href":"http:\/\/www.rincondelbulla.cl\/portal\/wp-json\/wp\/v2\/posts\/3743\/revisions\/5473"}],"wp:featuredmedia":[{"embeddable":true,"href":"http:\/\/www.rincondelbulla.cl\/portal\/wp-json\/wp\/v2\/media\/5321"}],"wp:attachment":[{"href":"http:\/\/www.rincondelbulla.cl\/portal\/wp-json\/wp\/v2\/media?parent=3743"}],"wp:term":[{"taxonomy":"category","embeddable":true,"href":"http:\/\/www.rincondelbulla.cl\/portal\/wp-json\/wp\/v2\/categories?post=3743"},{"taxonomy":"post_tag","embeddable":true,"href":"http:\/\/www.rincondelbulla.cl\/portal\/wp-json\/wp\/v2\/tags?post=3743"}],"curies":[{"name":"wp","href":"https:\/\/api.w.org\/{rel}","templated":true}]}}