{"id":3744,"date":"2014-07-23T10:53:48","date_gmt":"2014-07-23T10:53:48","guid":{"rendered":"http:\/\/www.rincondelbulla.cl\/portal\/?p=3744"},"modified":"2014-07-23T10:53:48","modified_gmt":"2014-07-23T10:53:48","slug":"hablo-el-capitan-estoy-feliz-en-mi-casa","status":"publish","type":"post","link":"http:\/\/www.rincondelbulla.cl\/portal\/2014\/07\/23\/hablo-el-capitan-estoy-feliz-en-mi-casa\/","title":{"rendered":"Habl\u00f3 el capit\u00e1n: \u201cEstoy feliz en mi casa\u201d"},"content":{"rendered":"<p><img loading=\"lazy\" decoding=\"async\" class=\" size-full wp-image-5322\" src=\"http:\/\/www.rincondelbulla.cl\/portal\/wp-content\/uploads\/2014\/07\/77b7133243f114d6fd9cc234309abdfc.jpg\" alt=\"\" width=\"625\" height=\"417\" srcset=\"http:\/\/www.rincondelbulla.cl\/portal\/wp-content\/uploads\/2014\/07\/77b7133243f114d6fd9cc234309abdfc.jpg 625w, http:\/\/www.rincondelbulla.cl\/portal\/wp-content\/uploads\/2014\/07\/77b7133243f114d6fd9cc234309abdfc-300x200.jpg 300w\" sizes=\"auto, (max-width: 625px) 100vw, 625px\" \/><\/p>\n<p>&nbsp;<\/p>\n<p>&nbsp;<\/p>\n<p><p class=\"p1\"><strong>Tras su frustrado traspaso a Emiratos \u00c1rabes, Jos\u00e9 \u201cPepe\u201d Rojas comparti\u00f3 ante los medios sus impresiones. <!--more--> Escrito por: Enrique Moreno<\/strong><\/p>\n<p class=\"p2\"><span class=\"s1\">Jos\u00e9 \u201cPepe\u201d Rojas se reintegr\u00f3 a las pr\u00e1cticas del Rom\u00e1ntico Viajero tras hacerse p\u00fablico su fallido traspaso al f\u00fatbol de Emiratos \u00c1rabes. Ante esto, el central deber\u00e1 seguir defendiendo la camiseta de los azules.<\/span><\/p>\n<p class=\"p2\"><span class=\"s1\">En conferencia de prensa, el capit\u00e1n de la \u201cU\u201d asegur\u00f3 estar feliz de continuar en el equipo de Mart\u00edn Lasarte.<\/span><\/p>\n<p class=\"p2\"><span class=\"s1\">\u00abEstoy feliz en mi casa, con mi gente\u00bb, comenz\u00f3 diciendo, agregando que \u00absigo perteneciendo a mi equipo y eso me deja tranquilo\u00bb.<\/span><\/p>\n<p class=\"p2\"><span class=\"s1\">Sobre el traspaso coment\u00f3 que \u00abestaba la opci\u00f3n, pero mi representante me dijo que no estaban las garant\u00edas para cerrar el fichaje (\u2026) Creo que es un tema de los contratos, no quise entrar en detalles. Yo pertenezco al club y, es m\u00e1s, nunca me desped\u00ed. Segu\u00ed entrenando igual porque nunca estuvo tan concreto como se dec\u00eda\u00bb.&nbsp;<\/span><\/p>\n<p class=\"p2\"><span class=\"s1\">A estas declaraciones se suman las emitidas ayer en su cuenta de Instagram, donde expres\u00f3 que \u00abla venta nunca fue segura, raz\u00f3n por la que jam\u00e1s habl\u00e9 en la prensa ni me desped\u00ed, dejando en claro que nunca dej\u00e9 de pertenecer al club de mis amores, ni menos de entrenar. Seguimos igual de felices, ya que ayer gan\u00f3 mi equipo y se vienen muchos triunfos m\u00e1s. Y los chaqueteros de siempre que se jodan (&#8230;)\u00bb.<\/span><\/p>\n<p class=\"p2\"><span class=\"s1\">Sobre la opci\u00f3n de otro traspaso, dijo que \u00aba esta edad uno sabe manejar estas circunstancias. Si sale, sale, si no, no. No me quiero llenar la cabeza con cosas, ya se ver\u00e1 en su momento. Lo \u00fanico que quiero es defender la camiseta a muerte y buscar el objetivo de salir campe\u00f3n\u00bb.<\/span><\/p><\/p>\n","protected":false},"excerpt":{"rendered":"<p>&nbsp; &nbsp; Tras su frustrado traspaso a Emiratos \u00c1rabes, Jos\u00e9 \u201cPepe\u201d Rojas comparti\u00f3 ante los medios sus impresiones.<\/p>\n","protected":false},"author":56,"featured_media":5322,"comment_status":"open","ping_status":"open","sticky":false,"template":"","format":"standard","meta":{"footnotes":""},"categories":[18],"tags":[454,232,242,51,156],"class_list":{"0":"post-3744","1":"post","2":"type-post","3":"status-publish","4":"format-standard","5":"has-post-thumbnail","7":"category-actualidad","8":"tag-actualidad","9":"tag-apertura-2014-2015","10":"tag-capitan","11":"tag-jose-rojas","12":"tag-universidad-de-chile"},"_links":{"self":[{"href":"http:\/\/www.rincondelbulla.cl\/portal\/wp-json\/wp\/v2\/posts\/3744","targetHints":{"allow":["GET"]}}],"collection":[{"href":"http:\/\/www.rincondelbulla.cl\/portal\/wp-json\/wp\/v2\/posts"}],"about":[{"href":"http:\/\/www.rincondelbulla.cl\/portal\/wp-json\/wp\/v2\/types\/post"}],"author":[{"embeddable":true,"href":"http:\/\/www.rincondelbulla.cl\/portal\/wp-json\/wp\/v2\/users\/56"}],"replies":[{"embeddable":true,"href":"http:\/\/www.rincondelbulla.cl\/portal\/wp-json\/wp\/v2\/comments?post=3744"}],"version-history":[{"count":0,"href":"http:\/\/www.rincondelbulla.cl\/portal\/wp-json\/wp\/v2\/posts\/3744\/revisions"}],"wp:featuredmedia":[{"embeddable":true,"href":"http:\/\/www.rincondelbulla.cl\/portal\/wp-json\/wp\/v2\/media\/5322"}],"wp:attachment":[{"href":"http:\/\/www.rincondelbulla.cl\/portal\/wp-json\/wp\/v2\/media?parent=3744"}],"wp:term":[{"taxonomy":"category","embeddable":true,"href":"http:\/\/www.rincondelbulla.cl\/portal\/wp-json\/wp\/v2\/categories?post=3744"},{"taxonomy":"post_tag","embeddable":true,"href":"http:\/\/www.rincondelbulla.cl\/portal\/wp-json\/wp\/v2\/tags?post=3744"}],"curies":[{"name":"wp","href":"https:\/\/api.w.org\/{rel}","templated":true}]}}