{"id":3745,"date":"2014-07-25T20:06:25","date_gmt":"2014-07-25T20:06:25","guid":{"rendered":"http:\/\/www.rincondelbulla.cl\/portal\/?p=3745"},"modified":"2014-07-25T20:06:25","modified_gmt":"2014-07-25T20:06:25","slug":"lasarte-se-refirio-a-todo-en-calida-conferencia","status":"publish","type":"post","link":"http:\/\/www.rincondelbulla.cl\/portal\/2014\/07\/25\/lasarte-se-refirio-a-todo-en-calida-conferencia\/","title":{"rendered":"Lasarte se refiri\u00f3 a todo en c\u00e1lida conferencia"},"content":{"rendered":"<p><img loading=\"lazy\" decoding=\"async\" class=\" size-full wp-image-5323\" src=\"http:\/\/www.rincondelbulla.cl\/portal\/wp-content\/uploads\/2014\/07\/a03585d037cf7568bc01df7096cb68c6.jpg\" alt=\"\" width=\"615\" height=\"410\" srcset=\"http:\/\/www.rincondelbulla.cl\/portal\/wp-content\/uploads\/2014\/07\/a03585d037cf7568bc01df7096cb68c6.jpg 615w, http:\/\/www.rincondelbulla.cl\/portal\/wp-content\/uploads\/2014\/07\/a03585d037cf7568bc01df7096cb68c6-300x200.jpg 300w\" sizes=\"auto, (max-width: 615px) 100vw, 615px\" \/><\/p>\n<p>&nbsp;<\/p>\n<p><strong>&nbsp;<\/strong><\/p>\n<p><strong>A un d\u00eda de jugar el segundo duelo del torneo de apertura 2014-2015, habl\u00f3 el profe Mart\u00edn Lasarte, y como siempre su conferencia fue muy sabrosa. Escrito por: Samyro Chamberline<\/strong><\/p>\n<p>  <!--more-->  <\/p>\n<p>&nbsp;<\/p>\n<p>Ma\u00f1ana la \u00abGloriosa\u00bb enfrenta al Capo de Provincia, y Lasarte no eludi\u00f3 ning\u00fan tema, habl\u00f3 de la frustrada llegada de Pinilla, de nuestro capit\u00e1n, de Guzm\u00e1n Pereira y de su pasado en la banca de la franja hielo.<\/p>\n<p>Consultado por la llegada de \u00abPinigol\u00bb dijo \u201cPrefiero tener de donde echar mano que de repente mirar y decir \u2018qu\u00e9 haremos ahora\u2019 y usar a juveniles. El equipo ha funcionado, pero estamos reci\u00e9n empezando. \u00bfLo de \u00c1ngelo? Se habl\u00f3 antes de lo de Pinilla, pero no se habl\u00f3 m\u00e1s\u201d y ahond\u00f3 \u201cde no mediar algo excepcional, las contrataciones se cerraron. El tema de Pinilla lleg\u00f3 a un punto donde no se puede seguir, netamente por lo econ\u00f3mico. As\u00ed que nos quedaremos con lo que tenemos\u201d.<\/p>\n<p>Sobre el Capit\u00e1n se refirio, \u201cJos\u00e9 Rojas tuvo quince d\u00edas de vacaciones, despu\u00e9s se produjo su posibilidad de salida casi concretada. M\u00e1s all\u00e1 de la experiencia no es f\u00e1cil la situaci\u00f3n que le toc\u00f3 vivir. Ha entrenado bien y estamos analizando. El primer d\u00eda estaba afectado, el segundo d\u00eda mejor y ayer ya le empez\u00f3 a dar la vuelta. Es un jugador muy importante. Nosotros contamos con \u00e9l\u00bb.<\/p>\n<p>Sobre Guzm\u00e1n Pereira \u201cEs una mezcla entre Mart\u00ednez y Espinoza se puede decir, pero tiene mucho pase largo\u201d. Habl\u00f3 sobre el tema de Patricio Rubio \u00abSi digo que un jugador est\u00e1 trabajando para llegar a su peso ideal, no es lo mismo que diga que est\u00e1 gordo. Y \u00e9l lo dijo primero\u00bb. Y respecto de que ten\u00eda lagunas, agreg\u00f3 que \u00able volver\u00e1 a pasar, me contentar\u00eda con que le pase menos. Hay que trabajar semana a semana para que se focalice en el juego, y no para enojarse con el \u00e1rbitro, el rival, el suelo\u00bb.<\/p>\n<p>Respecto al duelo de Ma\u00f1ana \u201ctengo una final no muy lejana en el tiempo contra ellos. Han hecho muy buenos trabajos, fueron campeones y han sido constantes protagonistas. Ser\u00e1 un partido dif\u00edcil, un duelo que genere cosas en el campeonato\u201d. Y cerr\u00f3 la conferencia recordando su pasado en la \u00abhielera de apoquindo\u00bb, \u201cla U y la UC son diferentes equipos. En Cat\u00f3lica agradezco mucho el tiempo que estuve all\u00e1, ac\u00e1 el momento es distinto, con un equipo en formaci\u00f3n. No se puede jugar igual en ambas partes. Fui a Cat\u00f3lica para ser campe\u00f3n, no lo consegu\u00ed. Ac\u00e1 vine a lo mismo, para ser campe\u00f3n\u00bb, cerr\u00f3 el estratega.<\/p>\n<p>&nbsp;<\/p>\n","protected":false},"excerpt":{"rendered":"<p>&nbsp; &nbsp; A un d\u00eda de jugar el segundo duelo del torneo de apertura 2014-2015, habl\u00f3 el profe Mart\u00edn Lasarte, y como siempre su conferencia fue muy sabrosa. Escrito por: Samyro Chamberline<\/p>\n","protected":false},"author":56,"featured_media":5323,"comment_status":"open","ping_status":"open","sticky":false,"template":"","format":"standard","meta":{"footnotes":""},"categories":[18],"tags":[454,232,224,156],"class_list":{"0":"post-3745","1":"post","2":"type-post","3":"status-publish","4":"format-standard","5":"has-post-thumbnail","7":"category-actualidad","8":"tag-actualidad","9":"tag-apertura-2014-2015","10":"tag-martin-lasarte","11":"tag-universidad-de-chile"},"_links":{"self":[{"href":"http:\/\/www.rincondelbulla.cl\/portal\/wp-json\/wp\/v2\/posts\/3745","targetHints":{"allow":["GET"]}}],"collection":[{"href":"http:\/\/www.rincondelbulla.cl\/portal\/wp-json\/wp\/v2\/posts"}],"about":[{"href":"http:\/\/www.rincondelbulla.cl\/portal\/wp-json\/wp\/v2\/types\/post"}],"author":[{"embeddable":true,"href":"http:\/\/www.rincondelbulla.cl\/portal\/wp-json\/wp\/v2\/users\/56"}],"replies":[{"embeddable":true,"href":"http:\/\/www.rincondelbulla.cl\/portal\/wp-json\/wp\/v2\/comments?post=3745"}],"version-history":[{"count":0,"href":"http:\/\/www.rincondelbulla.cl\/portal\/wp-json\/wp\/v2\/posts\/3745\/revisions"}],"wp:featuredmedia":[{"embeddable":true,"href":"http:\/\/www.rincondelbulla.cl\/portal\/wp-json\/wp\/v2\/media\/5323"}],"wp:attachment":[{"href":"http:\/\/www.rincondelbulla.cl\/portal\/wp-json\/wp\/v2\/media?parent=3745"}],"wp:term":[{"taxonomy":"category","embeddable":true,"href":"http:\/\/www.rincondelbulla.cl\/portal\/wp-json\/wp\/v2\/categories?post=3745"},{"taxonomy":"post_tag","embeddable":true,"href":"http:\/\/www.rincondelbulla.cl\/portal\/wp-json\/wp\/v2\/tags?post=3745"}],"curies":[{"name":"wp","href":"https:\/\/api.w.org\/{rel}","templated":true}]}}