{"id":3756,"date":"2014-08-08T21:23:22","date_gmt":"2014-08-08T21:23:22","guid":{"rendered":"http:\/\/www.rincondelbulla.cl\/portal\/?p=3756"},"modified":"2014-09-01T15:54:39","modified_gmt":"2014-09-01T15:54:39","slug":"lasarte-analizo-el-presente-azul-y-el-duelo-frente-a-antofagasta","status":"publish","type":"post","link":"http:\/\/www.rincondelbulla.cl\/portal\/2014\/08\/08\/lasarte-analizo-el-presente-azul-y-el-duelo-frente-a-antofagasta\/","title":{"rendered":"Lasarte analiz\u00f3 el presente azul y el duelo frente a Antofagasta"},"content":{"rendered":"<figure id=\"attachment_5506\" aria-describedby=\"caption-attachment-5506\" style=\"width: 1100px\" class=\"wp-caption alignnone\"><a href=\"http:\/\/www.rincondelbulla.cl\/portal\/wp-content\/uploads\/2014\/08\/martin3.jpg\"><img loading=\"lazy\" decoding=\"async\" class=\"size-full wp-image-5506\" src=\"http:\/\/www.rincondelbulla.cl\/portal\/wp-content\/uploads\/2014\/08\/martin3.jpg\" alt=\"Nuevamente \u201cMachete\u201d se luci\u00f3 ante los micr\u00f3fonos - Foto: Claudio C\u00e1ceres\" width=\"1100\" height=\"700\" srcset=\"http:\/\/www.rincondelbulla.cl\/portal\/wp-content\/uploads\/2014\/08\/martin3.jpg 1100w, http:\/\/www.rincondelbulla.cl\/portal\/wp-content\/uploads\/2014\/08\/martin3-300x191.jpg 300w, http:\/\/www.rincondelbulla.cl\/portal\/wp-content\/uploads\/2014\/08\/martin3-768x489.jpg 768w, http:\/\/www.rincondelbulla.cl\/portal\/wp-content\/uploads\/2014\/08\/martin3-696x443.jpg 696w, http:\/\/www.rincondelbulla.cl\/portal\/wp-content\/uploads\/2014\/08\/martin3-1068x680.jpg 1068w, http:\/\/www.rincondelbulla.cl\/portal\/wp-content\/uploads\/2014\/08\/martin3-660x420.jpg 660w\" sizes=\"auto, (max-width: 1100px) 100vw, 1100px\" \/><\/a><figcaption id=\"caption-attachment-5506\" class=\"wp-caption-text\">Nuevamente \u201cMachete\u201d se luci\u00f3 ante los micr\u00f3fonos &#8211; Foto: Claudio C\u00e1ceres<\/figcaption><\/figure>\n<p class=\"p1\"><strong>Nuevamente \u201cMachete\u201d se luci\u00f3 ante los micr\u00f3fonos, habl\u00f3 de c\u00f3mo planifica el trabajo de la semana, de las canchas de juego, de la formaci\u00f3n, de Waldo y mucho m\u00e1s, incluso una referencia literaria tuvo hoy<\/strong><!--more--><\/p>\n<p class=\"p1\">Escrito por: Samyro Chamberline<\/p>\n<p class=\"p1\">Para los que cubrimos a la Gloriosa, el d\u00eda viernes es un gran d\u00eda, y no porque comience el fin de semana, sino porque queda poco para que el Le\u00f3n entre a la cancha y adem\u00e1s porque es el d\u00eda en que Mart\u00edn Lasarte se sienta en la sala de conferencias del CDA y suelta toda esa labia charr\u00faa que acumula durante la semana.<\/p>\n<p class=\"p1\">Parti\u00f3 la conferencia aclarando que \u201cA\u00fan no tengo el equipo definido, y a ustedes no les puedo decir nada porque a\u00fan no lo converso con los jugadores\u201d. Sobre las alternativas que le entrega Ram\u00f3n \u201cTiene un caudal t\u00e9cnico diferente al resto, define jugadas de formas que todos los dem\u00e1s la resolver\u00edan de otra manera\u201d.<\/p>\n<p class=\"p1\">Continu\u00f3 para referirse a Waldo \u201cPara nosotros es un desaf\u00edo personal que Waldo vuelva a jugar y de buena forma, es un jugador muy importante para el plantel, siempre est\u00e1 apoyando en todas las actividades\u201d.<\/p>\n<p class=\"p1\">Consultado de c\u00f3mo prepara al equipo de cara a los distintos duelos respondi\u00f3 \u201cLos dos primeros d\u00edas hacemos f\u00fatbol normal y nos focalizamos en nosotros, a partir del tercer d\u00eda rese\u00f1amos al rival y vamos repasando detalles que nos pueden ayudar a ganar el partido\u201d \u201cpreguntamos entre el plantel qui\u00e9n ha jugado en tal cancha?, c\u00f3mo la ve,? pero en general la cancha, las canchas han mejorado mucho, antes hab\u00edan pocas canchas buenas y muchas canchas malas, ahora hay muchas canchas buenas y algunas no tan buenas\u201d, reflexion\u00f3 sobre el duelo de ma\u00f1ana.<\/p>\n<p class=\"p1\">\u201cCon Benjam\u00edn lo ten\u00edamos conversado, en un comienzo Pepe se quedar\u00eda, luego partir\u00eda y al final se qued\u00f3 con nosotros, y Pepe tiene experiencia, es un l\u00edder al interior del club y del plantel, tiene car\u00e1cter y es el capit\u00e1n, si Benjam\u00edn se queda unos a\u00f1os en el club va a lograr tener esas cosas y cuando llegue un Juan Perez en el futuro ser\u00e1 el plus de Benjam\u00edn tener esas cualidades\u201d dijo sobre el ingreso de Pepe al once titular desde la semana pasada.<\/p>\n<p class=\"p1\">Hasta una cita literaria tuvo en la conferencia de hoy \u201cEn los planteles se da el compa\u00f1erismo, algo que refleja muy bien Alejandro Dolima en un relato, cuando chico, uno muchas veces elige a sus amigos en lugar de a los mejores\u201d. Al cerrar la conferencia se refiri\u00f3 a dos cosas \u201cColo Colo es uno de los rivales al t\u00edtulo, pero van 3 fechas estamos a 3 puntos de muchos equipos y tres puntos es un partido, y mucho de los partidos que restan son con esos equipos\u201d y sobre la selecci\u00f3n \u201cEs una gran generaci\u00f3n de jugadores, un gran cuerpo t\u00e9cnico y dirigentes, pero no es por cargarle la mochila a Jorge con la Copa Am\u00e9rica\u201d.<\/p>\n<p class=\"p1\">Nos quedan siete d\u00edas para una nueva conferencia de Machete, ahora a ver c\u00f3mo enfrentan los leones al CDA en la ciudad de la Portada.<\/p>\n","protected":false},"excerpt":{"rendered":"<p>Nuevamente \u201cMachete\u201d se luci\u00f3 ante los micr\u00f3fonos, habl\u00f3 de c\u00f3mo planifica el trabajo de la semana, de las canchas de juego, de la formaci\u00f3n, de Waldo y mucho m\u00e1s, incluso una referencia literaria tuvo hoy<\/p>\n","protected":false},"author":56,"featured_media":5506,"comment_status":"closed","ping_status":"open","sticky":false,"template":"","format":"standard","meta":{"footnotes":""},"categories":[18],"tags":[454,232,224,156],"class_list":{"0":"post-3756","1":"post","2":"type-post","3":"status-publish","4":"format-standard","5":"has-post-thumbnail","7":"category-actualidad","8":"tag-actualidad","9":"tag-apertura-2014-2015","10":"tag-martin-lasarte","11":"tag-universidad-de-chile"},"_links":{"self":[{"href":"http:\/\/www.rincondelbulla.cl\/portal\/wp-json\/wp\/v2\/posts\/3756","targetHints":{"allow":["GET"]}}],"collection":[{"href":"http:\/\/www.rincondelbulla.cl\/portal\/wp-json\/wp\/v2\/posts"}],"about":[{"href":"http:\/\/www.rincondelbulla.cl\/portal\/wp-json\/wp\/v2\/types\/post"}],"author":[{"embeddable":true,"href":"http:\/\/www.rincondelbulla.cl\/portal\/wp-json\/wp\/v2\/users\/56"}],"replies":[{"embeddable":true,"href":"http:\/\/www.rincondelbulla.cl\/portal\/wp-json\/wp\/v2\/comments?post=3756"}],"version-history":[{"count":3,"href":"http:\/\/www.rincondelbulla.cl\/portal\/wp-json\/wp\/v2\/posts\/3756\/revisions"}],"predecessor-version":[{"id":5508,"href":"http:\/\/www.rincondelbulla.cl\/portal\/wp-json\/wp\/v2\/posts\/3756\/revisions\/5508"}],"wp:featuredmedia":[{"embeddable":true,"href":"http:\/\/www.rincondelbulla.cl\/portal\/wp-json\/wp\/v2\/media\/5506"}],"wp:attachment":[{"href":"http:\/\/www.rincondelbulla.cl\/portal\/wp-json\/wp\/v2\/media?parent=3756"}],"wp:term":[{"taxonomy":"category","embeddable":true,"href":"http:\/\/www.rincondelbulla.cl\/portal\/wp-json\/wp\/v2\/categories?post=3756"},{"taxonomy":"post_tag","embeddable":true,"href":"http:\/\/www.rincondelbulla.cl\/portal\/wp-json\/wp\/v2\/tags?post=3756"}],"curies":[{"name":"wp","href":"https:\/\/api.w.org\/{rel}","templated":true}]}}