{"id":3758,"date":"2014-08-11T18:16:53","date_gmt":"2014-08-11T18:16:53","guid":{"rendered":"http:\/\/www.rincondelbulla.cl\/portal\/?p=3758"},"modified":"2014-08-30T20:28:28","modified_gmt":"2014-08-30T20:28:28","slug":"la-u-de-machete-puntera-e-invicta","status":"publish","type":"post","link":"http:\/\/www.rincondelbulla.cl\/portal\/2014\/08\/11\/la-u-de-machete-puntera-e-invicta\/","title":{"rendered":"La &#8216;U&#8217; de Machete puntera e invicta"},"content":{"rendered":"<figure id=\"attachment_5445\" aria-describedby=\"caption-attachment-5445\" style=\"width: 1100px\" class=\"wp-caption alignnone\"><a href=\"http:\/\/www.rincondelbulla.cl\/portal\/wp-content\/uploads\/2014\/08\/celebracion31.jpg\"><img loading=\"lazy\" decoding=\"async\" class=\"size-full wp-image-5445\" src=\"http:\/\/www.rincondelbulla.cl\/portal\/wp-content\/uploads\/2014\/08\/celebracion31.jpg\" alt=\"Azules asegura la punta del campeonato - Foto: Patricio Gonz\u00e1lez\" width=\"1100\" height=\"700\" srcset=\"http:\/\/www.rincondelbulla.cl\/portal\/wp-content\/uploads\/2014\/08\/celebracion31.jpg 1100w, http:\/\/www.rincondelbulla.cl\/portal\/wp-content\/uploads\/2014\/08\/celebracion31-300x191.jpg 300w, http:\/\/www.rincondelbulla.cl\/portal\/wp-content\/uploads\/2014\/08\/celebracion31-768x489.jpg 768w, http:\/\/www.rincondelbulla.cl\/portal\/wp-content\/uploads\/2014\/08\/celebracion31-696x443.jpg 696w, http:\/\/www.rincondelbulla.cl\/portal\/wp-content\/uploads\/2014\/08\/celebracion31-1068x680.jpg 1068w, http:\/\/www.rincondelbulla.cl\/portal\/wp-content\/uploads\/2014\/08\/celebracion31-660x420.jpg 660w\" sizes=\"auto, (max-width: 1100px) 100vw, 1100px\" \/><\/a><figcaption id=\"caption-attachment-5445\" class=\"wp-caption-text\">Azules asegura la punta del campeonato &#8211; Foto: Patricio Gonz\u00e1lez<\/figcaption><\/figure>\n<p class=\"p1\"><strong>La U gana en el norte, asegura la punta del campeonato, se aleja de los archirrivales y adem\u00e1s es el \u00fanico invicto del torneo. E<\/strong><\/p>\n<p><!--more--><\/p>\n<p><strong>escrito por: Samyro Chamberline<\/strong><\/p>\n<p class=\"p1\">\u00a0La Universidad de Chile de Mart\u00edn Lasarte es un equipo nuevo, goleador y con mucho car\u00e1cter por sobre todas las cosas. \u201cMachete\u201d no s\u00f3lo le entreg\u00f3 tranquilidad y confianza al equipo, adem\u00e1s lo contagi\u00f3 de esa m\u00edstica charr\u00faa y vemos como el equipo no da pelota por perdida y todos ayudan en la marca.<\/p>\n<p class=\"p1\">Seg\u00fan confiesan al interior del plantel, Lasarte es un DT cercano a los jugadores y un motivador por excelencia. El partido del s\u00e1bado en Antofagasta fue m\u00e1s dif\u00edcil de lo pensado, y como bien dice el refr\u00e1n \u201cno hay peor astilla que la del mismo palo\u201d, Farf\u00e1n fue una pesadilla por el flanco izquierdo de la defensa universitaria, siendo Su\u00e1rez uno de los hombres con desempe\u00f1o m\u00e1s bajo en el once de \u201cMachete\u201d.<\/p>\n<p class=\"p1\">Canales err\u00f3 un penal, pero apareci\u00f3 Ubilla cuando m\u00e1s se le necesit\u00f3. As\u00ed es, el \u201cConejo\u201d Ubilla en el d\u00eda de su cumplea\u00f1os \u00a0estuvo presente en los tres goles azules\u00a0dos de ellos golazos y el segundo autogol. El partido del s\u00e1bado\u00a0sirvi\u00f3 tambi\u00e9n para el debut en el torneo, luego de las 3 fechas de suspensi\u00f3n, de Ram\u00f3n Fern\u00e1ndez, Ram\u00f3n no fue determinante en el juego azul, se le vio descoordinado con sus compa\u00f1eros y no entendiendo el ritmo de juego del equipo.<\/p>\n<p class=\"p1\"><strong>An\u00e1lisis T\u00e1ctico<\/strong><\/p>\n<p class=\"p1\"><strong>Delantera de temer<\/strong><\/p>\n<p class=\"p1\">En esta Universidad De Chile modelo 2014 en todos los partido han marcado los delanteros, y Gustavo Canales parece ser clave, arrastrando marcas, pivoteando y metiendo pases gol en todos los partidos.<\/p>\n<p class=\"p1\"><strong>Jhony y Rocky Figuras<\/strong><\/p>\n<p class=\"p1\">El s\u00e1bado Jhonny Herrera ataj\u00f3 disparo que lleg\u00f3 a su puerta e incluso un par de atajadas que s\u00f3lo los arqueros de su nivel logran y en la defensa hay que destacar el nivel de Rocky. Gonz\u00e1lez por fin volvi\u00f3 a ser el central firme en la marca que conoc\u00edamos antes de su lesi\u00f3n. Bien por ambos que adem\u00e1s de ser jugadores son hinchas de nuestro equipo.<\/p>\n<p class=\"p1\"><strong>La U sin mediocampo<\/strong><\/p>\n<p class=\"p3\">Parece que el equipo de Lasarte se acomoda a jugar sin un diez cl\u00e1sico, y as\u00ed Ram\u00f3n no toc\u00f3 mucho el bal\u00f3n, puede ser porque no se acopl\u00f3 al ritmo de juego de sus compa\u00f1eros o porque el equipo se acostumbr\u00f3 a saltar esa zona del campo, siendo Espinoza quien mete constantemente pelotazos largos habilitando a la gran delantera bullanguera.<\/p>\n","protected":false},"excerpt":{"rendered":"<p>La U gana en el norte, asegura la punta del campeonato, se aleja de los archirrivales y adem\u00e1s es el \u00fanico invicto del torneo. E<\/p>\n","protected":false},"author":56,"featured_media":5445,"comment_status":"closed","ping_status":"open","sticky":false,"template":"","format":"standard","meta":{"footnotes":""},"categories":[18],"tags":[454,232,102,224,36,156],"class_list":{"0":"post-3758","1":"post","2":"type-post","3":"status-publish","4":"format-standard","5":"has-post-thumbnail","7":"category-actualidad","8":"tag-actualidad","9":"tag-apertura-2014-2015","10":"tag-los-de-abajo","11":"tag-martin-lasarte","12":"tag-opinion","13":"tag-universidad-de-chile"},"_links":{"self":[{"href":"http:\/\/www.rincondelbulla.cl\/portal\/wp-json\/wp\/v2\/posts\/3758","targetHints":{"allow":["GET"]}}],"collection":[{"href":"http:\/\/www.rincondelbulla.cl\/portal\/wp-json\/wp\/v2\/posts"}],"about":[{"href":"http:\/\/www.rincondelbulla.cl\/portal\/wp-json\/wp\/v2\/types\/post"}],"author":[{"embeddable":true,"href":"http:\/\/www.rincondelbulla.cl\/portal\/wp-json\/wp\/v2\/users\/56"}],"replies":[{"embeddable":true,"href":"http:\/\/www.rincondelbulla.cl\/portal\/wp-json\/wp\/v2\/comments?post=3758"}],"version-history":[{"count":3,"href":"http:\/\/www.rincondelbulla.cl\/portal\/wp-json\/wp\/v2\/posts\/3758\/revisions"}],"predecessor-version":[{"id":5446,"href":"http:\/\/www.rincondelbulla.cl\/portal\/wp-json\/wp\/v2\/posts\/3758\/revisions\/5446"}],"wp:featuredmedia":[{"embeddable":true,"href":"http:\/\/www.rincondelbulla.cl\/portal\/wp-json\/wp\/v2\/media\/5445"}],"wp:attachment":[{"href":"http:\/\/www.rincondelbulla.cl\/portal\/wp-json\/wp\/v2\/media?parent=3758"}],"wp:term":[{"taxonomy":"category","embeddable":true,"href":"http:\/\/www.rincondelbulla.cl\/portal\/wp-json\/wp\/v2\/categories?post=3758"},{"taxonomy":"post_tag","embeddable":true,"href":"http:\/\/www.rincondelbulla.cl\/portal\/wp-json\/wp\/v2\/tags?post=3758"}],"curies":[{"name":"wp","href":"https:\/\/api.w.org\/{rel}","templated":true}]}}