{"id":376,"date":"2007-11-08T15:39:50","date_gmt":"2007-11-08T15:39:50","guid":{"rendered":"http:\/\/www.rincondelbulla.cl\/portal\/?p=376"},"modified":"2007-11-08T15:39:50","modified_gmt":"2007-11-08T15:39:50","slug":"francisco-arrue-reivindico-la-campana-de-la-u-pese-a-empate-ante-ohiggins","status":"publish","type":"post","link":"http:\/\/www.rincondelbulla.cl\/portal\/2007\/11\/08\/francisco-arrue-reivindico-la-campana-de-la-u-pese-a-empate-ante-ohiggins\/","title":{"rendered":"Francisco Arru\u00e9 reivindic\u00f3 la campa\u00f1a de la U pese a empate ante O&#8217;Higgins"},"content":{"rendered":"<p><img decoding=\"async\" src=\"images\/stories\/arruenuevo.jpg\" hspace=\"6\" alt=\"\" title=\"\" border=\"0\" style=\"float: left;\" \/><b>El mediocampista de Universidad de Chile argument&oacute; que el equipo s&oacute;lo registra una derrota en 19 partidos. &quot;Hay que tener tranquilidad&quot;, dijo de cara a los play-offs.<\/b><br \/> El empate de Universidad de Chile ante O&#8217;Higgins no cay&oacute; bien en las huestes azules,  <!--more--> no obstante, existe tranquilidad en el plantel, tal como lo reflej&oacute; el volante Francisco Arru&eacute;, quien reivindic&oacute; la campa&ntilde;a realizada por el equipo pese a haber quedado casi sin opciones de seguir en la lucha por el &quot;Chile 3&quot;.<\/p>\n<p> &quot;El equipo est&aacute; muy tranquilo porque hemos hecho una campa&ntilde;a muy buena, perdimos un partido en 19 fechas y la campa&ntilde;a que hemos hecho es positiva&quot;, dijo el mediocampista en el Caracol Azul.<\/p>\n<p> Arru&eacute; argument&oacute; que el equipo ha deca&iacute;do en su rendimiento en los &uacute;ltimos partidos, aunque la responsabilidad de ello tambi&eacute;n la tienen los contrarios.<\/p>\n<p> &quot;Hay que tener tranquilidad, en los &uacute;ltimos partidos no hemos jugado de la mejor forma, pero hay que tener en cuenta que los rivales cuando nos enfrentan hacen el mejor partido del a&ntilde;o y te complican. Hay una base y sabemos a qu&eacute; jugamos&quot;, explic&oacute;.<\/p>\n<p> Tambi&eacute;n se refiri&oacute; al momento de la U Waldo Ponce, quien a&uacute;n conf&iacute;a en la posibilidad de alcanzar el &quot;Chile 3&quot;.<\/p>\n<p> &quot;Era uno de los objetivos, y la verdad que el funcionamiento lo encontramos un poco m&aacute;s tarde de lo debido, pero todav&iacute;a estamos con la posibilidad y no se mira con lejan&iacute;a&quot;, dijo el zaguero, quien apuesta por preparar al plantel con miras a la liguilla por el t&iacute;tulo.<\/p>\n<p> &quot;Se busca armar bien el equipo y llegar de la mejor forma a los play-offs&quot;, se&ntilde;al&oacute;.<\/p>\n<p> El pr&oacute;ximo partido de la U es el domingo a las 12:00 horas (15:00 GMT) ante Everton en el Estadio Sausalito. <\/p>\n","protected":false},"excerpt":{"rendered":"<p>El mediocampista de Universidad de Chile argument&oacute; que el equipo s&oacute;lo registra una derrota en 19 partidos. &quot;Hay que tener tranquilidad&quot;, dijo de cara a los play-offs. El empate de Universidad de Chile ante O&#8217;Higgins no cay&oacute; bien en las huestes azules,<\/p>\n","protected":false},"author":1,"featured_media":0,"comment_status":"open","ping_status":"open","sticky":false,"template":"","format":"standard","meta":{"footnotes":""},"categories":[18],"tags":[],"class_list":{"0":"post-376","1":"post","2":"type-post","3":"status-publish","4":"format-standard","6":"category-actualidad"},"_links":{"self":[{"href":"http:\/\/www.rincondelbulla.cl\/portal\/wp-json\/wp\/v2\/posts\/376","targetHints":{"allow":["GET"]}}],"collection":[{"href":"http:\/\/www.rincondelbulla.cl\/portal\/wp-json\/wp\/v2\/posts"}],"about":[{"href":"http:\/\/www.rincondelbulla.cl\/portal\/wp-json\/wp\/v2\/types\/post"}],"author":[{"embeddable":true,"href":"http:\/\/www.rincondelbulla.cl\/portal\/wp-json\/wp\/v2\/users\/1"}],"replies":[{"embeddable":true,"href":"http:\/\/www.rincondelbulla.cl\/portal\/wp-json\/wp\/v2\/comments?post=376"}],"version-history":[{"count":0,"href":"http:\/\/www.rincondelbulla.cl\/portal\/wp-json\/wp\/v2\/posts\/376\/revisions"}],"wp:attachment":[{"href":"http:\/\/www.rincondelbulla.cl\/portal\/wp-json\/wp\/v2\/media?parent=376"}],"wp:term":[{"taxonomy":"category","embeddable":true,"href":"http:\/\/www.rincondelbulla.cl\/portal\/wp-json\/wp\/v2\/categories?post=376"},{"taxonomy":"post_tag","embeddable":true,"href":"http:\/\/www.rincondelbulla.cl\/portal\/wp-json\/wp\/v2\/tags?post=376"}],"curies":[{"name":"wp","href":"https:\/\/api.w.org\/{rel}","templated":true}]}}