{"id":3762,"date":"2014-08-16T00:29:52","date_gmt":"2014-08-16T00:29:52","guid":{"rendered":"http:\/\/www.rincondelbulla.cl\/portal\/?p=3762"},"modified":"2014-09-01T05:30:00","modified_gmt":"2014-09-01T05:30:00","slug":"la-u-deja-escapar-dos-puntos-ante-iquique","status":"publish","type":"post","link":"http:\/\/www.rincondelbulla.cl\/portal\/2014\/08\/16\/la-u-deja-escapar-dos-puntos-ante-iquique\/","title":{"rendered":"La U deja escapar dos puntos ante Iquique"},"content":{"rendered":"<p style=\"text-align: justify;\">\n<figure id=\"attachment_5492\" aria-describedby=\"caption-attachment-5492\" style=\"width: 1100px\" class=\"wp-caption alignnone\"><a href=\"http:\/\/www.rincondelbulla.cl\/portal\/wp-content\/uploads\/2014\/08\/lamentacion.jpg\"><img loading=\"lazy\" decoding=\"async\" class=\"size-full wp-image-5492\" src=\"http:\/\/www.rincondelbulla.cl\/portal\/wp-content\/uploads\/2014\/08\/lamentacion.jpg\" alt=\"Universidad de Chile no pudo ante Iquique en Valpara\u00edso -  Foto: Patricio Gonz\u00e1lez\" width=\"1100\" height=\"700\" srcset=\"http:\/\/www.rincondelbulla.cl\/portal\/wp-content\/uploads\/2014\/08\/lamentacion.jpg 1100w, http:\/\/www.rincondelbulla.cl\/portal\/wp-content\/uploads\/2014\/08\/lamentacion-300x191.jpg 300w, http:\/\/www.rincondelbulla.cl\/portal\/wp-content\/uploads\/2014\/08\/lamentacion-768x489.jpg 768w, http:\/\/www.rincondelbulla.cl\/portal\/wp-content\/uploads\/2014\/08\/lamentacion-696x443.jpg 696w, http:\/\/www.rincondelbulla.cl\/portal\/wp-content\/uploads\/2014\/08\/lamentacion-1068x680.jpg 1068w, http:\/\/www.rincondelbulla.cl\/portal\/wp-content\/uploads\/2014\/08\/lamentacion-660x420.jpg 660w\" sizes=\"auto, (max-width: 1100px) 100vw, 1100px\" \/><\/a><figcaption id=\"caption-attachment-5492\" class=\"wp-caption-text\">Universidad de Chile no pudo ante Iquique en Valpara\u00edso &#8211; Foto: Patricio Gonz\u00e1lez<\/figcaption><\/figure>\n<p style=\"text-align: justify;\"><strong><span style=\"font-family: Arial, sans-serif;\">Universidad de Chile no pudo ante Iquique en Valpara\u00edso. Los azules igualaron ante un rival que le supo cerrar los espacios y achicar el terreno. La U sigue en la cima pero dej\u00f3 2 puntos en el camino que no se ten\u00edan en las cuentas.<\/span><\/strong><\/p>\n<p style=\"text-align: justify;\"><strong><span style=\"font-family: Arial, sans-serif;\"> <!--more--> <\/span><\/strong><\/p>\n<p style=\"text-align: justify;\"><span style=\"font-family: Arial, sans-serif;\">En un partido extra\u00f1o, la U visitaba a Iquique en Valpara\u00edso. D\u00eda feriado, fin de semana largo y mucha gente azul adornaban un marco fant\u00e1stico para que el Le\u00f3n siguiera en la senda del triunfo. <\/span><\/p>\n<p style=\"text-align: justify;\"><span style=\"font-family: Arial, sans-serif;\">Por lo mismo cuando el juez dio el pitazo inicial a las 18:00 horas, el pueblo azul esperaba que llegaran los goles. M\u00e1s aun cuando reci\u00e9n a los 3 minutos de juego Ram\u00f3n Fern\u00e1ndez volv\u00eda al gol con un remate potente que marcaba el 0-1 para la U.<\/span><\/p>\n<p style=\"text-align: justify;\"><span style=\"font-family: Arial, sans-serif;\">Sin embargo los del norte quer\u00edan dar la sorpresa y bajar al mejor equipo del torneo. Y as\u00ed fue, al menos hasta casi terminado el duelo.<\/span><\/p>\n<p style=\"text-align: justify;\"><span style=\"font-family: Arial, sans-serif;\">Cuando corr\u00edan 18 minutos, Rafael Caroca marc\u00f3 el empate parcial 1 a 1 tras un certero cabezazo que bati\u00f3 al gran portero Herrera.<\/span><\/p>\n<p style=\"text-align: justify;\"><span style=\"font-family: Arial, sans-serif;\">La U busc\u00f3 con m\u00e1s ganas que f\u00fatbol en algunos momentos con Gustavo Canales como gran figura en delantera, sin embargo los esfuerzos fueron en vano y la primera parte se fue igualada a un gol.<\/span><\/p>\n<p style=\"text-align: justify;\"><span style=\"font-family: Arial, sans-serif;\">En la segunda fracci\u00f3n el equipo de Lasarte sigui\u00f3 en busca de la desigualdad, pero sin resultados positivos aunque con varias ocasiones. Sin embargo a los 59\u2019 D\u00edaz decret\u00f3 el 2-1 parcial a trav\u00e9s de un tiro penal por falta de Su\u00e1rez.<\/span><\/p>\n<p style=\"text-align: justify;\"><span style=\"font-family: Arial, sans-serif;\">Pero no todo pod\u00eda ser tan malo. A los 72\u2019 Canales estrell\u00f3 un tiro libre seco en el vertical cuando el portero iquique\u00f1o estaba vencido. Pero el delantero tuvo su revancha y a los 75\u2019 clav\u00f3 un cabezazo en el p\u00f3rtico de los del norte. 2-2 y a creer en el triunfo.<\/span><\/p>\n<p style=\"text-align: justify;\"><span style=\"font-family: Arial, sans-serif;\">Sin embargo no alcanz\u00f3 ni el tiempo, ni el f\u00fatbol y el partido termin\u00f3 en igualdad. <\/span><\/p>\n<p style=\"text-align: justify;\"><span style=\"font-family: Arial, sans-serif;\">Los azules dejan 2 puntos en el camino aunque mantienen el invicto y siguen en la punta. A esperar el resto de torneo y que este partido sirva como lecci\u00f3n que todos, absolutamente todos y como siempre le van a jugar a muerte a la U.<\/span><\/p>\n","protected":false},"excerpt":{"rendered":"<p>Universidad de Chile no pudo ante Iquique en Valpara\u00edso. Los azules igualaron ante un rival que le supo cerrar los espacios y achicar el terreno. La U sigue en la cima pero dej\u00f3 2 puntos en el camino que no se ten\u00edan en las cuentas.<\/p>\n","protected":false},"author":57,"featured_media":5492,"comment_status":"closed","ping_status":"open","sticky":false,"template":"","format":"standard","meta":{"footnotes":""},"categories":[18],"tags":[],"class_list":{"0":"post-3762","1":"post","2":"type-post","3":"status-publish","4":"format-standard","5":"has-post-thumbnail","7":"category-actualidad"},"_links":{"self":[{"href":"http:\/\/www.rincondelbulla.cl\/portal\/wp-json\/wp\/v2\/posts\/3762","targetHints":{"allow":["GET"]}}],"collection":[{"href":"http:\/\/www.rincondelbulla.cl\/portal\/wp-json\/wp\/v2\/posts"}],"about":[{"href":"http:\/\/www.rincondelbulla.cl\/portal\/wp-json\/wp\/v2\/types\/post"}],"author":[{"embeddable":true,"href":"http:\/\/www.rincondelbulla.cl\/portal\/wp-json\/wp\/v2\/users\/57"}],"replies":[{"embeddable":true,"href":"http:\/\/www.rincondelbulla.cl\/portal\/wp-json\/wp\/v2\/comments?post=3762"}],"version-history":[{"count":3,"href":"http:\/\/www.rincondelbulla.cl\/portal\/wp-json\/wp\/v2\/posts\/3762\/revisions"}],"predecessor-version":[{"id":5494,"href":"http:\/\/www.rincondelbulla.cl\/portal\/wp-json\/wp\/v2\/posts\/3762\/revisions\/5494"}],"wp:featuredmedia":[{"embeddable":true,"href":"http:\/\/www.rincondelbulla.cl\/portal\/wp-json\/wp\/v2\/media\/5492"}],"wp:attachment":[{"href":"http:\/\/www.rincondelbulla.cl\/portal\/wp-json\/wp\/v2\/media?parent=3762"}],"wp:term":[{"taxonomy":"category","embeddable":true,"href":"http:\/\/www.rincondelbulla.cl\/portal\/wp-json\/wp\/v2\/categories?post=3762"},{"taxonomy":"post_tag","embeddable":true,"href":"http:\/\/www.rincondelbulla.cl\/portal\/wp-json\/wp\/v2\/tags?post=3762"}],"curies":[{"name":"wp","href":"https:\/\/api.w.org\/{rel}","templated":true}]}}