{"id":3764,"date":"2014-08-20T17:48:03","date_gmt":"2014-08-20T17:48:03","guid":{"rendered":"http:\/\/www.rincondelbulla.cl\/portal\/?p=3764"},"modified":"2014-09-01T05:26:59","modified_gmt":"2014-09-01T05:26:59","slug":"la-previa-la-u-le-dice-adios-a-copa-chile-con-oncena-alternativa","status":"publish","type":"post","link":"http:\/\/www.rincondelbulla.cl\/portal\/2014\/08\/20\/la-previa-la-u-le-dice-adios-a-copa-chile-con-oncena-alternativa\/","title":{"rendered":"La Previa: La U le dice adios a Copa Chile con oncena alternativa"},"content":{"rendered":"<figure id=\"attachment_5487\" aria-describedby=\"caption-attachment-5487\" style=\"width: 1100px\" class=\"wp-caption alignnone\"><a href=\"http:\/\/www.rincondelbulla.cl\/portal\/wp-content\/uploads\/2014\/08\/plantel2014.jpg\"><img loading=\"lazy\" decoding=\"async\" class=\"size-full wp-image-5487\" src=\"http:\/\/www.rincondelbulla.cl\/portal\/wp-content\/uploads\/2014\/08\/plantel2014.jpg\" alt=\"Universidad de Chile se despide de Copa Chile - Foto: Patricio Gonz\u00e1lez\" width=\"1100\" height=\"700\" srcset=\"http:\/\/www.rincondelbulla.cl\/portal\/wp-content\/uploads\/2014\/08\/plantel2014.jpg 1100w, http:\/\/www.rincondelbulla.cl\/portal\/wp-content\/uploads\/2014\/08\/plantel2014-300x191.jpg 300w, http:\/\/www.rincondelbulla.cl\/portal\/wp-content\/uploads\/2014\/08\/plantel2014-768x489.jpg 768w, http:\/\/www.rincondelbulla.cl\/portal\/wp-content\/uploads\/2014\/08\/plantel2014-696x443.jpg 696w, http:\/\/www.rincondelbulla.cl\/portal\/wp-content\/uploads\/2014\/08\/plantel2014-1068x680.jpg 1068w, http:\/\/www.rincondelbulla.cl\/portal\/wp-content\/uploads\/2014\/08\/plantel2014-660x420.jpg 660w\" sizes=\"auto, (max-width: 1100px) 100vw, 1100px\" \/><\/a><figcaption id=\"caption-attachment-5487\" class=\"wp-caption-text\">Universidad de Chile se despide de Copa Chile &#8211; Foto: Patricio Gonz\u00e1lez<\/figcaption><\/figure>\n<p class=\"p1\"><strong>Universidad de Chile se despide de Copa Chile con Waldo Ponce de protagonista, la U ir\u00e1 con oncena alternativa ante Magallanes <\/strong><!--more--><\/p>\n<p class=\"p1\">Escrito por: Claudio C\u00e1ceres<\/p>\n<p class=\"p1\">Han pasado dos a\u00f1os desde que Waldo Ponce viera acci\u00f3n dentro de la cancha, hoy a las 20:00 hrs. en el Estadio santa Laura ante Magallanes, el defensa volver\u00e1 a pisar el c\u00e9sped de un campo de juego dentro de la oncena titular del Le\u00f3n.<\/p>\n<p class=\"p1\">Para Waldo este regreso marca un nuevo ciclo y espera poder seguir jugando por la U y demostrarle a \u201cMachete\u201d que puede contar con \u00e9l \u201cMi objetivo es volver a jugar y ver si mi pie est\u00e1 para resistir un campeonato. Si es as\u00ed, estar\u00e9 con las expectativas de conseguir cosas importantes con la U.\u201d<\/p>\n<p class=\"p1\">Aunque el defensa se muestra cautelosos antes del redebut, \u201cVoy con mesura, depender\u00e1 del trabajo intenso que pueda hacer. Si ese trabajo lo paso, tendr\u00e9 la cabeza puesta en ser una opci\u00f3n dentro del equipo\u201d, se\u00f1ala Ponce.<\/p>\n<p class=\"p1\">La U saldr\u00e1 a despedirse de Copa Chile ( est\u00e1 eliminada hace tres fechas ) y para esto Mart\u00edn Lasarte enviar\u00e1 al terreno de juego a una oncena alternativa a la que viene jugando el Apertura. Pese a ser un equipo alternativo, el costo de esta formaci\u00f3n vale m\u00e1s de US$ 12 millones, convirti\u00e9ndose en el equipo de reserva m\u00e1s caro en el \u00e1mbito nacional.<\/p>\n<p class=\"p1\">Es as\u00ed como Universidad de Chile formar\u00eda de la siguiente forma, Luis Mar\u00edn al arco; Paulo Magalhaes, Waldo Ponce, Benjam\u00edn Vidal y Cristian Cuevas en defensa; en mitad de cancha ir\u00e1 Bryan Cort\u00e9s, Guzm\u00e1n Pereira, y Gustavo Lorenzetti ( otro que vuelve tras 3 meses de ausencia); finalmente los encargados del ataque ser\u00e1n\u00a0 Juan Ignacio Duma y C\u00e9sar Cort\u00e9s.<\/p>\n<p class=\"p1\">El partido lo podr\u00e1s seguir en el minuto a minuto desde el Fan Page de Rinc\u00f3n del Bulla.<\/p>\n","protected":false},"excerpt":{"rendered":"<p>Universidad de Chile se despide de Copa Chile con Waldo Ponce de protagonista, la U ir\u00e1 con oncena alternativa ante Magallanes<\/p>\n","protected":false},"author":56,"featured_media":5487,"comment_status":"closed","ping_status":"open","sticky":false,"template":"","format":"standard","meta":{"footnotes":""},"categories":[18],"tags":[454,76,78,37,224,156,143],"class_list":{"0":"post-3764","1":"post","2":"type-post","3":"status-publish","4":"format-standard","5":"has-post-thumbnail","7":"category-actualidad","8":"tag-actualidad","9":"tag-copa-chile-2011","10":"tag-gustavo-lorenzetti","11":"tag-la-previa","12":"tag-martin-lasarte","13":"tag-universidad-de-chile","14":"tag-waldo-ponce"},"_links":{"self":[{"href":"http:\/\/www.rincondelbulla.cl\/portal\/wp-json\/wp\/v2\/posts\/3764","targetHints":{"allow":["GET"]}}],"collection":[{"href":"http:\/\/www.rincondelbulla.cl\/portal\/wp-json\/wp\/v2\/posts"}],"about":[{"href":"http:\/\/www.rincondelbulla.cl\/portal\/wp-json\/wp\/v2\/types\/post"}],"author":[{"embeddable":true,"href":"http:\/\/www.rincondelbulla.cl\/portal\/wp-json\/wp\/v2\/users\/56"}],"replies":[{"embeddable":true,"href":"http:\/\/www.rincondelbulla.cl\/portal\/wp-json\/wp\/v2\/comments?post=3764"}],"version-history":[{"count":3,"href":"http:\/\/www.rincondelbulla.cl\/portal\/wp-json\/wp\/v2\/posts\/3764\/revisions"}],"predecessor-version":[{"id":5488,"href":"http:\/\/www.rincondelbulla.cl\/portal\/wp-json\/wp\/v2\/posts\/3764\/revisions\/5488"}],"wp:featuredmedia":[{"embeddable":true,"href":"http:\/\/www.rincondelbulla.cl\/portal\/wp-json\/wp\/v2\/media\/5487"}],"wp:attachment":[{"href":"http:\/\/www.rincondelbulla.cl\/portal\/wp-json\/wp\/v2\/media?parent=3764"}],"wp:term":[{"taxonomy":"category","embeddable":true,"href":"http:\/\/www.rincondelbulla.cl\/portal\/wp-json\/wp\/v2\/categories?post=3764"},{"taxonomy":"post_tag","embeddable":true,"href":"http:\/\/www.rincondelbulla.cl\/portal\/wp-json\/wp\/v2\/tags?post=3764"}],"curies":[{"name":"wp","href":"https:\/\/api.w.org\/{rel}","templated":true}]}}