{"id":390,"date":"2007-11-15T16:36:17","date_gmt":"2007-11-15T16:36:17","guid":{"rendered":"http:\/\/www.rincondelbulla.cl\/portal\/?p=390"},"modified":"2007-11-15T16:36:17","modified_gmt":"2007-11-15T16:36:17","slug":"estrada-quiza-a-audax-le-falto-un-poco-de-jerarquia","status":"publish","type":"post","link":"http:\/\/www.rincondelbulla.cl\/portal\/2007\/11\/15\/estrada-quiza-a-audax-le-falto-un-poco-de-jerarquia\/","title":{"rendered":"Estrada: \u00abQuiz\u00e1 a Audax le falt\u00f3 un poco de jerarqu\u00eda\u00bb"},"content":{"rendered":"<p><img decoding=\"async\" src=\"images\/stories\/estradanuevo2.jpg\" hspace=\"6\" alt=\"\" title=\"\" border=\"0\" style=\"float: left;\" \/><b>El volante azul comparti&oacute; las declaraciones del meta audino Nicol&aacute;s Peric, y adem&aacute;s ratific&oacute; que podr&iacute;a volver en el pr&oacute;ximo encuentro de la &quot;U&quot;, ante Cobresal.<\/b><br \/> Una r&aacute;pida e inesperada recuperaci&oacute;n ha tenido el volante de Universidad de Chile, Marco  <!--more--> Estrada, luego de ser intervenido del pulm&oacute;n.<\/p>\n<p> El seleccionado aclar&oacute; que podr&iacute;a jugar el pr&oacute;ximo duelo de los azules, ante Cobresal, algo que determinar&aacute; los ex&aacute;menes a los que se someter&aacute; esta tarde.<\/p>\n<p> &quot;Todo ha sido muy r&aacute;pido. La recuperaci&oacute;n ha sido satisfactora y creo que podr&iacute;a estar en el pr&oacute;ximo partido, si es que los ex&aacute;menes demuestran mi buen estado&quot;, indic&oacute; el jugador esta tarde en el Caracol Azul.<\/p>\n<p> Pero no s&oacute;lo habl&oacute; de su estado, sino de las constantes posibilidades que ha tenido Audax en lograr el Chile 3, que las ha desperdiciado, y que mantiene con opciones a la &quot;U&quot;.<\/p>\n<p> &quot;Quiz&aacute; a Audax le falt&oacute; un poco de jerarqu&iacute;a, porque tuvo dos veces la oportunidad de ganar y no lo consigui&oacute;&quot;, especific&oacute;, en alusi&oacute;n a las cr&iacute;ticas que realiz&oacute; en su momento el meta audino Nicol&aacute;s Peric.<\/p>\n<p> En otro &aacute;mbito, est&aacute; confirmado un duelo amistoso de los azules ante Municipal Talagante, que se disputar&aacute; ma&ntilde;ana a las 19:00 horas. <\/p>\n","protected":false},"excerpt":{"rendered":"<p>El volante azul comparti&oacute; las declaraciones del meta audino Nicol&aacute;s Peric, y adem&aacute;s ratific&oacute; que podr&iacute;a volver en el pr&oacute;ximo encuentro de la &quot;U&quot;, ante Cobresal. Una r&aacute;pida e inesperada recuperaci&oacute;n ha tenido el volante de Universidad de Chile, Marco<\/p>\n","protected":false},"author":1,"featured_media":0,"comment_status":"open","ping_status":"open","sticky":false,"template":"","format":"standard","meta":{"footnotes":""},"categories":[18],"tags":[],"class_list":{"0":"post-390","1":"post","2":"type-post","3":"status-publish","4":"format-standard","6":"category-actualidad"},"_links":{"self":[{"href":"http:\/\/www.rincondelbulla.cl\/portal\/wp-json\/wp\/v2\/posts\/390","targetHints":{"allow":["GET"]}}],"collection":[{"href":"http:\/\/www.rincondelbulla.cl\/portal\/wp-json\/wp\/v2\/posts"}],"about":[{"href":"http:\/\/www.rincondelbulla.cl\/portal\/wp-json\/wp\/v2\/types\/post"}],"author":[{"embeddable":true,"href":"http:\/\/www.rincondelbulla.cl\/portal\/wp-json\/wp\/v2\/users\/1"}],"replies":[{"embeddable":true,"href":"http:\/\/www.rincondelbulla.cl\/portal\/wp-json\/wp\/v2\/comments?post=390"}],"version-history":[{"count":0,"href":"http:\/\/www.rincondelbulla.cl\/portal\/wp-json\/wp\/v2\/posts\/390\/revisions"}],"wp:attachment":[{"href":"http:\/\/www.rincondelbulla.cl\/portal\/wp-json\/wp\/v2\/media?parent=390"}],"wp:term":[{"taxonomy":"category","embeddable":true,"href":"http:\/\/www.rincondelbulla.cl\/portal\/wp-json\/wp\/v2\/categories?post=390"},{"taxonomy":"post_tag","embeddable":true,"href":"http:\/\/www.rincondelbulla.cl\/portal\/wp-json\/wp\/v2\/tags?post=390"}],"curies":[{"name":"wp","href":"https:\/\/api.w.org\/{rel}","templated":true}]}}