{"id":454,"date":"2008-01-10T12:13:59","date_gmt":"2008-01-10T12:13:59","guid":{"rendered":"http:\/\/www.rincondelbulla.cl\/portal\/?p=454"},"modified":"2008-01-10T12:13:59","modified_gmt":"2008-01-10T12:13:59","slug":"jugara-sin-publico-ante-d-concepcion-y-cobresal","status":"publish","type":"post","link":"http:\/\/www.rincondelbulla.cl\/portal\/2008\/01\/10\/jugara-sin-publico-ante-d-concepcion-y-cobresal\/","title":{"rendered":"Jugar\u00e1 sin p\u00fablico ante D. Concepci\u00f3n y Cobresal"},"content":{"rendered":"<p><img decoding=\"async\" src=\"images\/stories\/Nacional.jpg\" hspace=\"6\" alt=\"\" title=\"\" border=\"0\" style=\"float: left;\" \/><b>Con el fixture del Apertura 2008 claro, la U defini&oacute; tres amistosos antes del inicio del torneo. El &uacute;ltimo lo organizar&aacute; la empresa de Marcelo Salas, ya que el contrato con el capit&aacute;n as&iacute; lo exige.<\/b><br \/> La decisi&oacute;n ya est&aacute; tomada. El presidente de Azul Azul, Federico Vald&eacute;s, opt&oacute; por apelar de la sanci&oacute;n de la primera sala del Tribunal de Disciplina, que  <!--more--> determin&oacute; que la U jugara los dos primeros partidos del Apertura 2008 sin p&uacute;blico debido a los desmanes ocurridos en las semifinales del torneo anterior ante Colo Colo.<\/p>\n<p> &quot;Consideramos que tenemos muy buenos argumentos para revertir esa medida&quot;, reconoci&oacute; Vald&eacute;s ayer.<\/p>\n<p> A la espera de la resoluci&oacute;n, la U fue programada para debutar ante Deportes Concepci&oacute;n, de local, el fin de semana del 26 y 27 de enero. Y si el castigo se mantiene, el partido probablemente se juegue en el estadio Santa Laura (as&iacute; al menos lo dijo el gerente deportivo Johnny Ashwell). Luego le toca ir a Chill&aacute;n a jugar con &Ntilde;ublense (2 o 3 de febrero), y en la tercera fecha ser&aacute; local ante Cobresal (9 o 10 de febrero, tambi&eacute;n sin p&uacute;blico y en el Santa Laura).<\/p>\n<p> No son los &uacute;nicos encuentros definidos por la dirigencia de la U en las &uacute;ltimas horas. Multim&uacute;sica le gan&oacute; la puja a Mercom y organizar&aacute; dos partidos amistosos: el 17 de enero ante Cobreloa y el 19 ante San Juan de Mendoza, ambos en La Serena.<\/p>\n<p> Tambi&eacute;n alcanz&oacute; para saldar la deuda con el capit&aacute;n Marcelo Salas por su contrato con el club. El 21, Salas Producciones pondr&aacute; como rival a Estudiantes de La Plata, tambi&eacute;n en la Cuarta Regi&oacute;n.<\/p>\n<p> &iquest;Se solucion&oacute; el impasse por la carta de &quot;Firul&aacute;is&quot; Contreras? No. Huachipato no acepta el dinero que ofrece la U para quedarse con el ciento por ciento de su pase. &quot;Entendemos que es jugador libre. Queremos compensarlos por el gasto que hicieron, pero quieren mucha plata. Si no aceptan, lo inscribiremos igual&quot;, dijo el timonel Federico Vald&eacute;s. <\/p>\n","protected":false},"excerpt":{"rendered":"<p>Con el fixture del Apertura 2008 claro, la U defini&oacute; tres amistosos antes del inicio del torneo. El &uacute;ltimo lo organizar&aacute; la empresa de Marcelo Salas, ya que el contrato con el capit&aacute;n as&iacute; lo exige. La decisi&oacute;n ya est&aacute; tomada. El presidente de Azul Azul, Federico Vald&eacute;s, opt&oacute; por apelar de la sanci&oacute;n de [&#8230;]<\/p>\n","protected":false},"author":1,"featured_media":0,"comment_status":"open","ping_status":"open","sticky":false,"template":"","format":"standard","meta":{"footnotes":""},"categories":[18],"tags":[],"class_list":{"0":"post-454","1":"post","2":"type-post","3":"status-publish","4":"format-standard","6":"category-actualidad"},"_links":{"self":[{"href":"http:\/\/www.rincondelbulla.cl\/portal\/wp-json\/wp\/v2\/posts\/454","targetHints":{"allow":["GET"]}}],"collection":[{"href":"http:\/\/www.rincondelbulla.cl\/portal\/wp-json\/wp\/v2\/posts"}],"about":[{"href":"http:\/\/www.rincondelbulla.cl\/portal\/wp-json\/wp\/v2\/types\/post"}],"author":[{"embeddable":true,"href":"http:\/\/www.rincondelbulla.cl\/portal\/wp-json\/wp\/v2\/users\/1"}],"replies":[{"embeddable":true,"href":"http:\/\/www.rincondelbulla.cl\/portal\/wp-json\/wp\/v2\/comments?post=454"}],"version-history":[{"count":0,"href":"http:\/\/www.rincondelbulla.cl\/portal\/wp-json\/wp\/v2\/posts\/454\/revisions"}],"wp:attachment":[{"href":"http:\/\/www.rincondelbulla.cl\/portal\/wp-json\/wp\/v2\/media?parent=454"}],"wp:term":[{"taxonomy":"category","embeddable":true,"href":"http:\/\/www.rincondelbulla.cl\/portal\/wp-json\/wp\/v2\/categories?post=454"},{"taxonomy":"post_tag","embeddable":true,"href":"http:\/\/www.rincondelbulla.cl\/portal\/wp-json\/wp\/v2\/tags?post=454"}],"curies":[{"name":"wp","href":"https:\/\/api.w.org\/{rel}","templated":true}]}}