{"id":5597,"date":"2014-09-10T15:16:59","date_gmt":"2014-09-10T15:16:59","guid":{"rendered":"http:\/\/www.rincondelbulla.cl\/portal\/?p=5597"},"modified":"2014-09-10T19:15:46","modified_gmt":"2014-09-10T19:15:46","slug":"nacho-duma-se-siente-candidato-al-titulo","status":"publish","type":"post","link":"http:\/\/www.rincondelbulla.cl\/portal\/2014\/09\/10\/nacho-duma-se-siente-candidato-al-titulo\/","title":{"rendered":"Nacho Duma se siente candidato al Titulo"},"content":{"rendered":"<figure id=\"attachment_5595\" aria-describedby=\"caption-attachment-5595\" style=\"width: 1100px\" class=\"wp-caption alignnone\"><a href=\"http:\/\/www.rincondelbulla.cl\/portal\/wp-content\/uploads\/2014\/09\/duma.jpg\"><img loading=\"lazy\" decoding=\"async\" class=\"size-full wp-image-5595\" src=\"http:\/\/www.rincondelbulla.cl\/portal\/wp-content\/uploads\/2014\/09\/duma.jpg\" alt=\"Juan Ignacio Duma\" width=\"1100\" height=\"700\" srcset=\"http:\/\/www.rincondelbulla.cl\/portal\/wp-content\/uploads\/2014\/09\/duma.jpg 1100w, http:\/\/www.rincondelbulla.cl\/portal\/wp-content\/uploads\/2014\/09\/duma-300x191.jpg 300w, http:\/\/www.rincondelbulla.cl\/portal\/wp-content\/uploads\/2014\/09\/duma-768x489.jpg 768w, http:\/\/www.rincondelbulla.cl\/portal\/wp-content\/uploads\/2014\/09\/duma-696x443.jpg 696w, http:\/\/www.rincondelbulla.cl\/portal\/wp-content\/uploads\/2014\/09\/duma-1068x680.jpg 1068w, http:\/\/www.rincondelbulla.cl\/portal\/wp-content\/uploads\/2014\/09\/duma-660x420.jpg 660w\" sizes=\"auto, (max-width: 1100px) 100vw, 1100px\" \/><\/a><figcaption id=\"caption-attachment-5595\" class=\"wp-caption-text\">Juan Ignacio Duma<\/figcaption><\/figure>\n<p><strong>El entrenamiento es arduo en el Centro Deportivo Azul, Mart\u00edn Lasarte no deja nada al azar, y le exige al m\u00e1ximo a los Leones Universitarios y sigue atento todos los movimientos de sus pupilos.<\/strong><!--more--><\/p>\n<p>Al terminar la pr\u00e1ctica Nacho Duma se enfrenta a los micr\u00f3fonos, con la misma ansiedad que cuando entra al c\u00e9sped de juego, se le nota su juventud al responder cada pregunta, inicia la conferencia aclarando \u00abSiempre quise quedarme en la U y estoy contento de haberme quedado\u00bb.<\/p>\n<p>Sobre el momento del equipo \u00abTranquilos no (estamos), porque tenemos varios equipos atr\u00e1s&#8230; Tenemos que s\u00ed o s\u00ed dejar los tres puntos en casa y traerlos cuando vayamos de visita\u00bb y \u00abEstamos primeros y la verdad es que candidatos -al t\u00edtulo- somos, pero falta mucho; quedan muchos puntos en disputa y nosotros tenemos que ganar todos los partidos\u00bb<\/p>\n<p>finalmente asegur\u00f3 \u00a0\u00abVamos partido a partido; ahora tenemos el duelo con U. de Concepci\u00f3n. En otro momento ser\u00e1 Colo Colo y luego Universidad Cat\u00f3lica\u00bb.<\/p>\n<p>Recordemos que la gloriosa enfrenta a la Universidad de Concepci\u00f3n el Domingo a las 18 horas en el Estadio Santa Laura.<\/p>\n<p>&nbsp;<\/p>\n","protected":false},"excerpt":{"rendered":"<p>El entrenamiento es arduo en el Centro Deportivo Azul, Mart\u00edn Lasarte no deja nada al azar, y le exige al m\u00e1ximo a los Leones Universitarios y sigue atento todos los movimientos de sus pupilos.<\/p>\n","protected":false},"author":21381,"featured_media":5595,"comment_status":"closed","ping_status":"open","sticky":false,"template":"","format":"standard","meta":{"footnotes":""},"categories":[18],"tags":[454,157],"class_list":{"0":"post-5597","1":"post","2":"type-post","3":"status-publish","4":"format-standard","5":"has-post-thumbnail","7":"category-actualidad","8":"tag-actualidad","9":"tag-portada"},"_links":{"self":[{"href":"http:\/\/www.rincondelbulla.cl\/portal\/wp-json\/wp\/v2\/posts\/5597","targetHints":{"allow":["GET"]}}],"collection":[{"href":"http:\/\/www.rincondelbulla.cl\/portal\/wp-json\/wp\/v2\/posts"}],"about":[{"href":"http:\/\/www.rincondelbulla.cl\/portal\/wp-json\/wp\/v2\/types\/post"}],"author":[{"embeddable":true,"href":"http:\/\/www.rincondelbulla.cl\/portal\/wp-json\/wp\/v2\/users\/21381"}],"replies":[{"embeddable":true,"href":"http:\/\/www.rincondelbulla.cl\/portal\/wp-json\/wp\/v2\/comments?post=5597"}],"version-history":[{"count":1,"href":"http:\/\/www.rincondelbulla.cl\/portal\/wp-json\/wp\/v2\/posts\/5597\/revisions"}],"predecessor-version":[{"id":5598,"href":"http:\/\/www.rincondelbulla.cl\/portal\/wp-json\/wp\/v2\/posts\/5597\/revisions\/5598"}],"wp:featuredmedia":[{"embeddable":true,"href":"http:\/\/www.rincondelbulla.cl\/portal\/wp-json\/wp\/v2\/media\/5595"}],"wp:attachment":[{"href":"http:\/\/www.rincondelbulla.cl\/portal\/wp-json\/wp\/v2\/media?parent=5597"}],"wp:term":[{"taxonomy":"category","embeddable":true,"href":"http:\/\/www.rincondelbulla.cl\/portal\/wp-json\/wp\/v2\/categories?post=5597"},{"taxonomy":"post_tag","embeddable":true,"href":"http:\/\/www.rincondelbulla.cl\/portal\/wp-json\/wp\/v2\/tags?post=5597"}],"curies":[{"name":"wp","href":"https:\/\/api.w.org\/{rel}","templated":true}]}}