{"id":5600,"date":"2014-09-11T20:40:13","date_gmt":"2014-09-11T20:40:13","guid":{"rendered":"http:\/\/www.rincondelbulla.cl\/portal\/?p=5600"},"modified":"2014-09-11T20:41:15","modified_gmt":"2014-09-11T20:41:15","slug":"machete-se-enfrento-a-los-microfonos-hoy-jueves","status":"publish","type":"post","link":"http:\/\/www.rincondelbulla.cl\/portal\/2014\/09\/11\/machete-se-enfrento-a-los-microfonos-hoy-jueves\/","title":{"rendered":"Machete se enfrento a los micr\u00f3fonos hoy jueves."},"content":{"rendered":"<figure id=\"attachment_5520\" aria-describedby=\"caption-attachment-5520\" style=\"width: 1100px\" class=\"wp-caption alignnone\"><a href=\"http:\/\/www.rincondelbulla.cl\/portal\/wp-content\/uploads\/2014\/08\/martin1.jpg\"><img loading=\"lazy\" decoding=\"async\" class=\"size-full wp-image-5520\" src=\"http:\/\/www.rincondelbulla.cl\/portal\/wp-content\/uploads\/2014\/08\/martin1.jpg\" alt=\"Mart\u00edn Lasarte hablo en la previa del duelo del DomingoFoto: Patricio Gonz\u00e1lez\" width=\"1100\" height=\"700\" srcset=\"http:\/\/www.rincondelbulla.cl\/portal\/wp-content\/uploads\/2014\/08\/martin1.jpg 1100w, http:\/\/www.rincondelbulla.cl\/portal\/wp-content\/uploads\/2014\/08\/martin1-300x191.jpg 300w, http:\/\/www.rincondelbulla.cl\/portal\/wp-content\/uploads\/2014\/08\/martin1-768x489.jpg 768w, http:\/\/www.rincondelbulla.cl\/portal\/wp-content\/uploads\/2014\/08\/martin1-696x443.jpg 696w, http:\/\/www.rincondelbulla.cl\/portal\/wp-content\/uploads\/2014\/08\/martin1-1068x680.jpg 1068w, http:\/\/www.rincondelbulla.cl\/portal\/wp-content\/uploads\/2014\/08\/martin1-660x420.jpg 660w\" sizes=\"auto, (max-width: 1100px) 100vw, 1100px\" \/><\/a><figcaption id=\"caption-attachment-5520\" class=\"wp-caption-text\">Mart\u00edn Lasarte hablo en la previa del duelo del DomingoFoto: Patricio Gonz\u00e1lez<\/figcaption><\/figure>\n<p><strong>Luego del entrenamiento de hoy, inesperadamente hablo Mart\u00edn Lasarte, quien no se cerro a la posibilidad de ver a Ram\u00f3n y a Lorenzetti jugando juntos.<\/strong><\/p>\n<p><!--more--><\/p>\n<p>\u201cMachete\u201d todos los viernes se sienta frente a los medios y repasa la actualidad del equipo y se refiere a su futuro cercano, el pr\u00f3ximo encuentro, y amablemente se da el tiempo para conversar de todo lo que rodea al planeta f\u00fatbol. En primer lugar se refiri\u00f3 al mensaje que le dej\u00f3 en la misma sala el d\u00eda anterior Ramon Fernandez \u201cMe encantaria \u00a0jugar con Gustavo, pero nosotros no decidimos eso\u201d declaraba el diez azul. Hoy machete la recibi\u00f3 boteando y no dudo en disparar a porter\u00eda \u00a0\u201cestoy buscando una f\u00f3rmula para que convivan en el equipo, hemos probado. Yo siento que se entender\u00edan muy bien en la cancha\u201d.<\/p>\n<p><strong><strong>\u00a0<\/strong><\/strong><\/p>\n<p>Adem\u00e1s el Profe Lasarte encontr\u00f3 en buena forma a los seleccionados nacionales, \u201chicieron trabajo de regeneraci\u00f3n y est\u00e1n bien. No nos altera en nada la planificaci\u00f3n ya que lo ten\u00edamos previsto. No tenemos ning\u00fan eliminado, ma\u00f1ana vamos a determinar si juegan o no\u00bb, \u00abcreo que todos los equipos tienen que prestar sus servicios a la selecci\u00f3n. Ahora, de qu\u00e9 manera despu\u00e9s esos equipos no se ven perjudicados, ese es el tema que hay que buscarle\u00bb ahond\u00f3 sobre el tema de los equipos y sus seleccionados.<\/p>\n<p><strong><strong>\u00a0<\/strong><\/strong><\/p>\n<p>Finalmente sobre el duelo de ma\u00f1ana el \u201cCharrua\u201d dijo sobre los del \u201ccampanil\u201d \u00a0\u00abes un equipo equilibrado, un equipo ordenado. Tiene muy buenos futbolistas y l\u00f3gicamente va a ser un rival de much\u00edsimo cuidado, en el cual tenemos que tener much\u00edsima cautela\u00bb y sobre lo que significa cerrar la fecha \u201cno tiene una consideraci\u00f3n especial. Nos ha tocado otros partidos, donde hab\u00eda equipos que consiguiendo un buen resultado nos superaban moment\u00e1neamente o nos alcanzaban\u00bb.<\/p>\n","protected":false},"excerpt":{"rendered":"<p>Luego del entrenamiento de hoy, inesperadamente hablo Mart\u00edn Lasarte, quien no se cerro a la posibilidad de ver a Ram\u00f3n y a Lorenzetti jugando juntos.<\/p>\n","protected":false},"author":21381,"featured_media":5520,"comment_status":"closed","ping_status":"open","sticky":false,"template":"","format":"standard","meta":{"footnotes":""},"categories":[18],"tags":[454,157],"class_list":{"0":"post-5600","1":"post","2":"type-post","3":"status-publish","4":"format-standard","5":"has-post-thumbnail","7":"category-actualidad","8":"tag-actualidad","9":"tag-portada"},"_links":{"self":[{"href":"http:\/\/www.rincondelbulla.cl\/portal\/wp-json\/wp\/v2\/posts\/5600","targetHints":{"allow":["GET"]}}],"collection":[{"href":"http:\/\/www.rincondelbulla.cl\/portal\/wp-json\/wp\/v2\/posts"}],"about":[{"href":"http:\/\/www.rincondelbulla.cl\/portal\/wp-json\/wp\/v2\/types\/post"}],"author":[{"embeddable":true,"href":"http:\/\/www.rincondelbulla.cl\/portal\/wp-json\/wp\/v2\/users\/21381"}],"replies":[{"embeddable":true,"href":"http:\/\/www.rincondelbulla.cl\/portal\/wp-json\/wp\/v2\/comments?post=5600"}],"version-history":[{"count":1,"href":"http:\/\/www.rincondelbulla.cl\/portal\/wp-json\/wp\/v2\/posts\/5600\/revisions"}],"predecessor-version":[{"id":5601,"href":"http:\/\/www.rincondelbulla.cl\/portal\/wp-json\/wp\/v2\/posts\/5600\/revisions\/5601"}],"wp:featuredmedia":[{"embeddable":true,"href":"http:\/\/www.rincondelbulla.cl\/portal\/wp-json\/wp\/v2\/media\/5520"}],"wp:attachment":[{"href":"http:\/\/www.rincondelbulla.cl\/portal\/wp-json\/wp\/v2\/media?parent=5600"}],"wp:term":[{"taxonomy":"category","embeddable":true,"href":"http:\/\/www.rincondelbulla.cl\/portal\/wp-json\/wp\/v2\/categories?post=5600"},{"taxonomy":"post_tag","embeddable":true,"href":"http:\/\/www.rincondelbulla.cl\/portal\/wp-json\/wp\/v2\/tags?post=5600"}],"curies":[{"name":"wp","href":"https:\/\/api.w.org\/{rel}","templated":true}]}}