{"id":5603,"date":"2014-09-12T02:26:20","date_gmt":"2014-09-12T02:26:20","guid":{"rendered":"http:\/\/www.rincondelbulla.cl\/portal\/?p=5603"},"modified":"2014-09-15T17:57:44","modified_gmt":"2014-09-15T17:57:44","slug":"la-previa-a-mantener-la-punta-ante-la-u-de-conce","status":"publish","type":"post","link":"http:\/\/www.rincondelbulla.cl\/portal\/2014\/09\/12\/la-previa-a-mantener-la-punta-ante-la-u-de-conce\/","title":{"rendered":"La previa: A mantener la punta ante la U de Conce"},"content":{"rendered":"<figure id=\"attachment_4983\" aria-describedby=\"caption-attachment-4983\" style=\"width: 700px\" class=\"wp-caption alignnone\"><a href=\"http:\/\/www.rincondelbulla.cl\/portal\/wp-content\/uploads\/2013\/01\/e520f9d433a514b9416a482f614ea6fd.jpg\"><img loading=\"lazy\" decoding=\"async\" class=\"size-full wp-image-4983\" src=\"http:\/\/www.rincondelbulla.cl\/portal\/wp-content\/uploads\/2013\/01\/e520f9d433a514b9416a482f614ea6fd.jpg\" alt=\"La &quot;U&quot; cerrar\u00e1 la fecha el d\u00eda domingo ante los del campanil\" width=\"700\" height=\"396\" srcset=\"http:\/\/www.rincondelbulla.cl\/portal\/wp-content\/uploads\/2013\/01\/e520f9d433a514b9416a482f614ea6fd.jpg 700w, http:\/\/www.rincondelbulla.cl\/portal\/wp-content\/uploads\/2013\/01\/e520f9d433a514b9416a482f614ea6fd-300x170.jpg 300w, http:\/\/www.rincondelbulla.cl\/portal\/wp-content\/uploads\/2013\/01\/e520f9d433a514b9416a482f614ea6fd-696x394.jpg 696w\" sizes=\"auto, (max-width: 700px) 100vw, 700px\" \/><\/a><figcaption id=\"caption-attachment-4983\" class=\"wp-caption-text\">La \u00abU\u00bb cerrar\u00e1 la fecha el d\u00eda domingo ante los del campanil &#8211; Foto: Claudio C\u00e1ceres<\/figcaption><\/figure>\n<p><strong>Los azules cerrar\u00e1n la octava fecha ante el conjunto del campanil con el af\u00e1n de no soltar el primer lugar del campeonato.<\/strong><\/p>\n<p><!--more--><\/p>\n<p>Universidad de Chile cerrar\u00e1 la octava fecha del Torneo de Apertura\u00a0cuando enfrente este domingo desde las 18 horas a Universidad de Concepci\u00f3n. El encuentro se jugar\u00e1 en el Estadio Santa Laura \u2013solo por este partido, los azules deber\u00e1n volver a ser local en Independencia a causa de las ramadas del Estadio Nacional- con el arbitraje de Julio Bascu\u00f1\u00e1n.<\/p>\n<p>Tras el receso por la pasada fecha FIFA, la \u201cU\u201d buscar\u00e1 seguir siendo el puntero invicto del campeonato, y enfrentar\u00e1 el duelo ante el campanil ya sabiendo el resultado de Colo Colo, su m\u00e1s inmediato perseguidor.<\/p>\n<p>En frente estar\u00e1 una U. de Concepci\u00f3n que viene de igualar 1-1 como local ante Uni\u00f3n La Calera y que se ubica novena con 10 puntos. Entre sus figuras se encuentran el portero Christi\u00e1n Mu\u00f1oz, Sixto Peralta, Diego Chur\u00edn, Leonardo Monje y Pedro Mu\u00f1oz, jugadores destacados en conferencia de prensa por Mart\u00edn Lasarte.<\/p>\n<p><strong>Formaci\u00f3n de la \u201cU\u201d<\/strong><\/p>\n<p>El once inicial de la \u201cU\u201d ya empieza a nombrarse de memoria, y es que \u201cMachete\u201d Lasarte mantendr\u00eda a los que habitualmente han jugado en este torneo.<\/p>\n<p>De esta manera, el Rom\u00e1ntico Viajero saltar\u00eda a la cancha con Johnny Herrera; Math\u00edas Corujo, Osvaldo Gonz\u00e1lez, Jos\u00e9 Rojas y Cristian Su\u00e1rez; Sebasti\u00e1n Mart\u00ednez, Gonzalo Espinoza; Gustavo Lorenzetti; Sebasti\u00e1n Ubilla, Gustavo Canales y Patricio Rubio.<\/p>\n<p>Algo a tener en cuenta, es que en el pasado partido ante Uni\u00f3n Espa\u00f1ola Gonzalo Espinoza alcanz\u00f3 las cuatro amarillas. El volante qued\u00f3 a solo una de ser suspendido, qued\u00e1ndole dos partidos para ganarse la quinta, ser suspendido una fecha y llegar \u201climpio\u201d al supercl\u00e1sico del 19 de octubre.<\/p>\n<p><strong>Historial y estad\u00edstica<\/strong><\/p>\n<p>La \u00faltima vez que azules y penquistas se enfrentaron fue el 19 de abril de este a\u00f1o en el Estadio CAP de Talcahuano. En lo que era el fin del ciclo de \u201cRelojito\u00bb Romero, la \u201cU\u201d cay\u00f3 por 1-0.<\/p>\n<p>En tanto, jugando de local el \u00faltimo encuentro fue el 30 de noviembre del a\u00f1o pasado en Santa Laura, en lo que fue un empate por 1-1 en Santa Laura con descuento anotado por Gustavo Lorenzetti.<\/p>\n<p>En cuanto al historial, de los 29 partidos que han disputado, la \u201cU\u201d se impuso en 12, empat\u00f3 en 11 y perdi\u00f3 en 6, con 46 goles a favor, 32 en contra y un 60% de rendimiento.<\/p>\n<p><strong>Entradas y transmisi\u00f3n<\/strong><\/p>\n<p>Para este partido desde Azul Azul decidieron mantener el tan cuestionado sistema de venta de entradas que consiste en comprar por internet para luego retirar en boleter\u00edas.<\/p>\n<p>Las entradas se compran a trav\u00e9s de la p\u00e1gina web puntoticket.cl y se retiran en boleter\u00edas del Estadio Nacional o del Estadio Santa Laura. El d\u00eda del partido no se efectuar\u00e1 entrega de entradas.<\/p>\n<p>Los precios son: Galer\u00eda ni\u00f1o $3.000, Galer\u00eda $5.000, Andes ni\u00f1o $4.000, Andes $8.000 y Marquesina $15.000.<\/p>\n<p>El partido ser\u00e1 transmitido en vivo desde las 17:30 horas por CDF Premium y CDF HD. Adem\u00e1s, podr\u00e1s seguir el minuto a minuto en el fan page de Rinc\u00f3n el Bulla.<\/p>\n","protected":false},"excerpt":{"rendered":"<p>Los azules cerrar\u00e1n la octava fecha ante el conjunto del campanil con el af\u00e1n de no soltar el primer lugar del campeonato.<\/p>\n","protected":false},"author":21380,"featured_media":4983,"comment_status":"closed","ping_status":"open","sticky":false,"template":"","format":"standard","meta":{"footnotes":""},"categories":[18],"tags":[232,37,157],"class_list":{"0":"post-5603","1":"post","2":"type-post","3":"status-publish","4":"format-standard","5":"has-post-thumbnail","7":"category-actualidad","8":"tag-apertura-2014-2015","9":"tag-la-previa","10":"tag-portada"},"_links":{"self":[{"href":"http:\/\/www.rincondelbulla.cl\/portal\/wp-json\/wp\/v2\/posts\/5603","targetHints":{"allow":["GET"]}}],"collection":[{"href":"http:\/\/www.rincondelbulla.cl\/portal\/wp-json\/wp\/v2\/posts"}],"about":[{"href":"http:\/\/www.rincondelbulla.cl\/portal\/wp-json\/wp\/v2\/types\/post"}],"author":[{"embeddable":true,"href":"http:\/\/www.rincondelbulla.cl\/portal\/wp-json\/wp\/v2\/users\/21380"}],"replies":[{"embeddable":true,"href":"http:\/\/www.rincondelbulla.cl\/portal\/wp-json\/wp\/v2\/comments?post=5603"}],"version-history":[{"count":3,"href":"http:\/\/www.rincondelbulla.cl\/portal\/wp-json\/wp\/v2\/posts\/5603\/revisions"}],"predecessor-version":[{"id":5606,"href":"http:\/\/www.rincondelbulla.cl\/portal\/wp-json\/wp\/v2\/posts\/5603\/revisions\/5606"}],"wp:featuredmedia":[{"embeddable":true,"href":"http:\/\/www.rincondelbulla.cl\/portal\/wp-json\/wp\/v2\/media\/4983"}],"wp:attachment":[{"href":"http:\/\/www.rincondelbulla.cl\/portal\/wp-json\/wp\/v2\/media?parent=5603"}],"wp:term":[{"taxonomy":"category","embeddable":true,"href":"http:\/\/www.rincondelbulla.cl\/portal\/wp-json\/wp\/v2\/categories?post=5603"},{"taxonomy":"post_tag","embeddable":true,"href":"http:\/\/www.rincondelbulla.cl\/portal\/wp-json\/wp\/v2\/tags?post=5603"}],"curies":[{"name":"wp","href":"https:\/\/api.w.org\/{rel}","templated":true}]}}