{"id":5607,"date":"2014-09-15T15:29:43","date_gmt":"2014-09-15T15:29:43","guid":{"rendered":"http:\/\/www.rincondelbulla.cl\/portal\/?p=5607"},"modified":"2014-09-15T18:06:15","modified_gmt":"2014-09-15T18:06:15","slug":"sin-el-conejo-el-leon-sigue-en-la-cima","status":"publish","type":"post","link":"http:\/\/www.rincondelbulla.cl\/portal\/2014\/09\/15\/sin-el-conejo-el-leon-sigue-en-la-cima\/","title":{"rendered":"Sin el Conejo, el Le\u00f3n Sigue en la Cima"},"content":{"rendered":"<figure id=\"attachment_5499\" aria-describedby=\"caption-attachment-5499\" style=\"width: 1100px\" class=\"wp-caption alignnone\"><a href=\"http:\/\/www.rincondelbulla.cl\/portal\/wp-content\/uploads\/2014\/08\/ubilla.jpg\"><img loading=\"lazy\" decoding=\"async\" class=\"wp-image-5499 size-full\" src=\"http:\/\/www.rincondelbulla.cl\/portal\/wp-content\/uploads\/2014\/08\/ubilla.jpg\" alt=\"Sebasti\u00e1n &quot;El Conejo&quot; Ubilla  Foto: Patricio Gonz\u00e1lez\" width=\"1100\" height=\"700\" srcset=\"http:\/\/www.rincondelbulla.cl\/portal\/wp-content\/uploads\/2014\/08\/ubilla.jpg 1100w, http:\/\/www.rincondelbulla.cl\/portal\/wp-content\/uploads\/2014\/08\/ubilla-300x191.jpg 300w, http:\/\/www.rincondelbulla.cl\/portal\/wp-content\/uploads\/2014\/08\/ubilla-768x489.jpg 768w, http:\/\/www.rincondelbulla.cl\/portal\/wp-content\/uploads\/2014\/08\/ubilla-696x443.jpg 696w, http:\/\/www.rincondelbulla.cl\/portal\/wp-content\/uploads\/2014\/08\/ubilla-1068x680.jpg 1068w, http:\/\/www.rincondelbulla.cl\/portal\/wp-content\/uploads\/2014\/08\/ubilla-660x420.jpg 660w\" sizes=\"auto, (max-width: 1100px) 100vw, 1100px\" \/><\/a><figcaption id=\"caption-attachment-5499\" class=\"wp-caption-text\">Sebasti\u00e1n \u00abEl Conejo\u00bb Ubilla &#8211; Foto: Patricio Gonz\u00e1lez<\/figcaption><\/figure>\n<p><strong>El partido de ayer, debe de haber sido el partido m\u00e1s bajo en lo que va del semestre en el equipo de Lasarte.<\/strong><!--more--><\/p>\n<p>El viernes por la tarde nos enteramos de la baja por lesi\u00f3n de Ubilla, malas noticias para \u201cMachete\u201d, para el \u201cConejo\u201d \u00a0y para el plantel azul, es que el jugador ven\u00eda mostrando un muy buen nivel de juego e incluso hab\u00eda marcado cuatro lianas en lo que va del torneo. \u00a0As\u00ed las cosas, el uruguayo se inclin\u00f3 por alinear desde el inicio a Fernandez junto a Lorenzetti en el medioterreno, tema que rond\u00f3 todo la semana en el CDA.<\/p>\n<p>La u comenz\u00f3 como todos los partidos del semestre, presionando desde el primer minuto, abriendo la cancha y peleando cada pelota a muerte. Lleg\u00f3 el gol producto de un rebote en el defensa de palestino Andres Imperiale. Pero hasta ah\u00ed nada m\u00e1s jugo la \u201cGloriosa\u201d, Palestino tom\u00f3 las riendas del partido y al equipo laico le cost\u00f3 mucho encontrar la vuelta del encuentro. En el segundo tiempo los cambios le dieron fruto a Lasarte y los azules tuvieron un par de buenas ocasiones para definir el encuentro, son\u00f3 el pitazo final y la Universidad de Chile contin\u00faa como l\u00edder exclusivo del torneo a tres unidades de su m\u00e1s cercano perseguidor. Lasarte Declar\u00f3 <em>\u00a0\u00abel resultado fue bueno y es lo m\u00e1s importante, pero fue el partido que m\u00e1s nos cost\u00f3 hasta ahora. Fuimos menos brillantes, con una sensaci\u00f3n menos s\u00f3lida, pero el equipo se visti\u00f3 con otro traje hoy y lo sac\u00f3 adelante\u00bb<\/em>, dejando el trabajo de mejorar para estas dos semanas<em> \u00abYa lo dije, esta situaci\u00f3n a veces puede conspirar y a veces no. Tuvimos varios jugadores que estuvieron a mitad de semana jugando por la Selecci\u00f3n y al &#8216;chino&#8217; (Mart\u00ednez) y a Corujo (Math\u00edas) se les not\u00f3. Fue una semana incre\u00edble por algunas dificultades que tuvimos en el d\u00eda a d\u00eda, con jugadores lesionados cuando hace una semana estaban todos bien. Son cosas que tiene el f\u00fatbol\u00bb.<\/em><\/p>\n<p><b>AN\u00c1LISIS T\u00c1CTICO<br \/>\n<\/b><\/p>\n<p><b>Ataque descompensado<\/b><\/p>\n<p>Se not\u00f3 desde comienzos del partido la falta de uno de sus puntas, ya que muchas veces Canales con el bal\u00f3n en los pies, alzaba la mirada buscando a alg\u00fan compa\u00f1ero y sin encontrar respuesta deb\u00eda retroceder el bal\u00f3n y frenar el ataque azul.<\/p>\n<p><b>Cansancio en la contenci\u00f3n<\/b><\/p>\n<p>El \u201cchinito\u201d Martinez no estuvo fino en la recuperaci\u00f3n, ni en la entrega del bal\u00f3n, se le not\u00f3 el desgaste del encuentro jugado por la selecci\u00f3n a comienzos de semana, incluso una mala salida suya pudo ser el empate de palestino. Machete not\u00f3 la baja del jugador, y se inclin\u00f3 al comienzo del segundo tiempo por Guzm\u00e1n Pereira, quien fue una fiera a la hora de pelear cada pelota.<\/p>\n<p><b>Johny Herrera, Prenda de Garant\u00eda<\/b><\/p>\n<p>Tener a Herrera bajo los tres palos le da garant\u00eda al equipo y al t\u00e9cnico, ayer vez que fue solicitado y en un partido donde fue m\u00e1s solicitado que lo normal, logr\u00f3 mantener el arco en cero y as\u00ed mantener a la gloriosa en lo alto de la tabla.<\/p>\n<p><b>Lasarte cambio el dibujo t\u00e1ctico<\/b><\/p>\n<p>En el segundo tiempo el profe Lasarte decidi\u00f3 darle forma a un 4-4-2, y le dio resultado, ya que la \u201cU\u201d tuvo mucho m\u00e1s llegadas y ocasiones claras desperdiciadas en los pies de Canales y compa\u00f1\u00eda. A Saber, los cambios fueron Pereira por Mart\u00ednez (Puesto por puesto); Magalhaes por Fern\u00e1ndez (Subi\u00f3 a Corujo como punta derecho); Ortiz por Rubio (El joven jug\u00f3 como volante de salida acompa\u00f1ando a Lorenzetti, dejando a Corujo y Canales en Delantera)<\/p>\n","protected":false},"excerpt":{"rendered":"<p>El partido de ayer, debe de haber sido el partido m\u00e1s bajo en lo que va del semestre en el equipo de Lasarte.<\/p>\n","protected":false},"author":21381,"featured_media":5499,"comment_status":"closed","ping_status":"open","sticky":false,"template":"","format":"standard","meta":{"footnotes":""},"categories":[18],"tags":[454,232,157],"class_list":{"0":"post-5607","1":"post","2":"type-post","3":"status-publish","4":"format-standard","5":"has-post-thumbnail","7":"category-actualidad","8":"tag-actualidad","9":"tag-apertura-2014-2015","10":"tag-portada"},"_links":{"self":[{"href":"http:\/\/www.rincondelbulla.cl\/portal\/wp-json\/wp\/v2\/posts\/5607","targetHints":{"allow":["GET"]}}],"collection":[{"href":"http:\/\/www.rincondelbulla.cl\/portal\/wp-json\/wp\/v2\/posts"}],"about":[{"href":"http:\/\/www.rincondelbulla.cl\/portal\/wp-json\/wp\/v2\/types\/post"}],"author":[{"embeddable":true,"href":"http:\/\/www.rincondelbulla.cl\/portal\/wp-json\/wp\/v2\/users\/21381"}],"replies":[{"embeddable":true,"href":"http:\/\/www.rincondelbulla.cl\/portal\/wp-json\/wp\/v2\/comments?post=5607"}],"version-history":[{"count":4,"href":"http:\/\/www.rincondelbulla.cl\/portal\/wp-json\/wp\/v2\/posts\/5607\/revisions"}],"predecessor-version":[{"id":5614,"href":"http:\/\/www.rincondelbulla.cl\/portal\/wp-json\/wp\/v2\/posts\/5607\/revisions\/5614"}],"wp:featuredmedia":[{"embeddable":true,"href":"http:\/\/www.rincondelbulla.cl\/portal\/wp-json\/wp\/v2\/media\/5499"}],"wp:attachment":[{"href":"http:\/\/www.rincondelbulla.cl\/portal\/wp-json\/wp\/v2\/media?parent=5607"}],"wp:term":[{"taxonomy":"category","embeddable":true,"href":"http:\/\/www.rincondelbulla.cl\/portal\/wp-json\/wp\/v2\/categories?post=5607"},{"taxonomy":"post_tag","embeddable":true,"href":"http:\/\/www.rincondelbulla.cl\/portal\/wp-json\/wp\/v2\/tags?post=5607"}],"curies":[{"name":"wp","href":"https:\/\/api.w.org\/{rel}","templated":true}]}}