{"id":5702,"date":"2014-10-10T15:56:30","date_gmt":"2014-10-10T15:56:30","guid":{"rendered":"http:\/\/www.rincondelbulla.cl\/portal\/?p=5702"},"modified":"2014-10-10T18:07:41","modified_gmt":"2014-10-10T18:07:41","slug":"las-preocupaciones-y-variantes-del-machete","status":"publish","type":"post","link":"http:\/\/www.rincondelbulla.cl\/portal\/2014\/10\/10\/las-preocupaciones-y-variantes-del-machete\/","title":{"rendered":"Las preocupaciones y variantes del Machete"},"content":{"rendered":"<figure id=\"attachment_5707\" aria-describedby=\"caption-attachment-5707\" style=\"width: 1100px\" class=\"wp-caption alignnone\"><a href=\"http:\/\/www.rincondelbulla.cl\/portal\/wp-content\/uploads\/2014\/10\/martin5.jpg\"><img loading=\"lazy\" decoding=\"async\" class=\"wp-image-5707 size-full\" src=\"http:\/\/www.rincondelbulla.cl\/portal\/wp-content\/uploads\/2014\/10\/martin5.jpg\" alt=\"\" width=\"1100\" height=\"700\" srcset=\"http:\/\/www.rincondelbulla.cl\/portal\/wp-content\/uploads\/2014\/10\/martin5.jpg 1100w, http:\/\/www.rincondelbulla.cl\/portal\/wp-content\/uploads\/2014\/10\/martin5-300x191.jpg 300w, http:\/\/www.rincondelbulla.cl\/portal\/wp-content\/uploads\/2014\/10\/martin5-768x489.jpg 768w, http:\/\/www.rincondelbulla.cl\/portal\/wp-content\/uploads\/2014\/10\/martin5-696x443.jpg 696w, http:\/\/www.rincondelbulla.cl\/portal\/wp-content\/uploads\/2014\/10\/martin5-1068x680.jpg 1068w, http:\/\/www.rincondelbulla.cl\/portal\/wp-content\/uploads\/2014\/10\/martin5-660x420.jpg 660w\" sizes=\"auto, (max-width: 1100px) 100vw, 1100px\" \/><\/a><figcaption id=\"caption-attachment-5707\" class=\"wp-caption-text\">La mayor preocupaci\u00f3n del \u201cMachete\u201d es qui\u00e9n jugar\u00e1 en el puesto de Gonzalo Espinoza &#8211; Foto: Patricio Gonz\u00e1lez<\/figcaption><\/figure>\n<p><strong>Si hay algo que sigue preocupando en la \u201dU\u201d, son los lesionados que podr\u00edan perderse el cl\u00e1sico a disputarse el pr\u00f3ximo domingo. Pero el puesto que m\u00e1s inquieta a Lasarte es el que dej\u00f3 Gonzalo Espinoza tras su fractura de clav\u00edcula.<\/strong><br \/>\n<!--more--><\/p>\n<p>Dentro de la cl\u00ednica azul, uno de los baluartes es Osvaldo Gonz\u00e1lez, quien podr\u00eda llegar al cl\u00e1sico pero que a\u00fan no logra entrenar a la par de sus compa\u00f1eros. \u201cEst\u00e1 claro que nosotros queremos contar con Osvaldo para lo que sea, pero todo con una cierta sensatez. No es lo mismo si empieza a entrenar a la par de sus compa\u00f1eros el pr\u00f3ximo lunes o que lo haga el otro jueves\u201d, declar\u00f3 Martin Lasarte.<\/p>\n<p>Quien s\u00ed llegar\u00eda de todas maneras al partido ante colocolo ser\u00eda Gustavo Canales, quien fue desconvocado de la selecci\u00f3n chilena y hoy hace trabajo diferenciado en el Centro Deportivo Azul.<\/p>\n<p>Ahora bien, la mayor preocupaci\u00f3n del \u201cMachete\u201d es qui\u00e9n jugar\u00e1 en el puesto de Gonzalo Espinoza, quien est\u00e1 completamente descartado. Los nombres para tomar el puesto son el de Benjam\u00edn Vidal, Bryan Cort\u00e9s, Guzm\u00e1n Pereira y Gustavo Lorenzetti, quienes tienen una semana para convencer al DT Martin Lasarte.<\/p>\n","protected":false},"excerpt":{"rendered":"<p>Si hay algo que sigue preocupando en la \u201dU\u201d, son los lesionados que podr\u00edan perderse el cl\u00e1sico a disputarse el pr\u00f3ximo domingo. Pero el puesto que m\u00e1s inquieta a Lasarte es el que dej\u00f3 Gonzalo Espinoza tras su fractura de clav\u00edcula.<\/p>\n","protected":false},"author":65,"featured_media":5707,"comment_status":"closed","ping_status":"open","sticky":false,"template":"","format":"standard","meta":{"footnotes":""},"categories":[18],"tags":[454,232,261,262,224],"class_list":{"0":"post-5702","1":"post","2":"type-post","3":"status-publish","4":"format-standard","5":"has-post-thumbnail","7":"category-actualidad","8":"tag-actualidad","9":"tag-apertura-2014-2015","10":"tag-gonzalo-espinoza","11":"tag-lesionados","12":"tag-martin-lasarte"},"_links":{"self":[{"href":"http:\/\/www.rincondelbulla.cl\/portal\/wp-json\/wp\/v2\/posts\/5702","targetHints":{"allow":["GET"]}}],"collection":[{"href":"http:\/\/www.rincondelbulla.cl\/portal\/wp-json\/wp\/v2\/posts"}],"about":[{"href":"http:\/\/www.rincondelbulla.cl\/portal\/wp-json\/wp\/v2\/types\/post"}],"author":[{"embeddable":true,"href":"http:\/\/www.rincondelbulla.cl\/portal\/wp-json\/wp\/v2\/users\/65"}],"replies":[{"embeddable":true,"href":"http:\/\/www.rincondelbulla.cl\/portal\/wp-json\/wp\/v2\/comments?post=5702"}],"version-history":[{"count":5,"href":"http:\/\/www.rincondelbulla.cl\/portal\/wp-json\/wp\/v2\/posts\/5702\/revisions"}],"predecessor-version":[{"id":5711,"href":"http:\/\/www.rincondelbulla.cl\/portal\/wp-json\/wp\/v2\/posts\/5702\/revisions\/5711"}],"wp:featuredmedia":[{"embeddable":true,"href":"http:\/\/www.rincondelbulla.cl\/portal\/wp-json\/wp\/v2\/media\/5707"}],"wp:attachment":[{"href":"http:\/\/www.rincondelbulla.cl\/portal\/wp-json\/wp\/v2\/media?parent=5702"}],"wp:term":[{"taxonomy":"category","embeddable":true,"href":"http:\/\/www.rincondelbulla.cl\/portal\/wp-json\/wp\/v2\/categories?post=5702"},{"taxonomy":"post_tag","embeddable":true,"href":"http:\/\/www.rincondelbulla.cl\/portal\/wp-json\/wp\/v2\/tags?post=5702"}],"curies":[{"name":"wp","href":"https:\/\/api.w.org\/{rel}","templated":true}]}}