{"id":5714,"date":"2014-10-13T19:32:04","date_gmt":"2014-10-13T19:32:04","guid":{"rendered":"http:\/\/www.rincondelbulla.cl\/portal\/?p=5714"},"modified":"2014-10-20T20:22:08","modified_gmt":"2014-10-20T20:22:08","slug":"suarez-va-por-el-triunfo-a-macul","status":"publish","type":"post","link":"http:\/\/www.rincondelbulla.cl\/portal\/2014\/10\/13\/suarez-va-por-el-triunfo-a-macul\/","title":{"rendered":"Su\u00e1rez va por el triunfo a Macul"},"content":{"rendered":"<figure id=\"attachment_5717\" aria-describedby=\"caption-attachment-5717\" style=\"width: 1100px\" class=\"wp-caption alignnone\"><a href=\"http:\/\/www.rincondelbulla.cl\/portal\/wp-content\/uploads\/2014\/10\/cristian_suarez.jpg\"><img loading=\"lazy\" decoding=\"async\" class=\"wp-image-5717 size-full\" src=\"http:\/\/www.rincondelbulla.cl\/portal\/wp-content\/uploads\/2014\/10\/cristian_suarez.jpg\" alt=\"\" width=\"1100\" height=\"700\" srcset=\"http:\/\/www.rincondelbulla.cl\/portal\/wp-content\/uploads\/2014\/10\/cristian_suarez.jpg 1100w, http:\/\/www.rincondelbulla.cl\/portal\/wp-content\/uploads\/2014\/10\/cristian_suarez-300x191.jpg 300w, http:\/\/www.rincondelbulla.cl\/portal\/wp-content\/uploads\/2014\/10\/cristian_suarez-768x489.jpg 768w, http:\/\/www.rincondelbulla.cl\/portal\/wp-content\/uploads\/2014\/10\/cristian_suarez-696x443.jpg 696w, http:\/\/www.rincondelbulla.cl\/portal\/wp-content\/uploads\/2014\/10\/cristian_suarez-1068x680.jpg 1068w, http:\/\/www.rincondelbulla.cl\/portal\/wp-content\/uploads\/2014\/10\/cristian_suarez-660x420.jpg 660w\" sizes=\"auto, (max-width: 1100px) 100vw, 1100px\" \/><\/a><figcaption id=\"caption-attachment-5717\" class=\"wp-caption-text\">El defensor va por el triunfo &#8211; Foto: Claudio C\u00e1ceres<\/figcaption><\/figure>\n<p><strong><span class=\"s1\">Comienza una nueva semana para el plantel azul, una semana cargada de ambiente de cl\u00e1sico y esto ya lo viven los jugadores, hoy Cristi\u00e1n \u201cBanana\u201d Su\u00e1rez convers\u00f3 con los medios de prensa en el CDA y analiz\u00f3 de lleno el pr\u00f3ximo escollo de los azules.<\/span><\/strong><!--more--><\/p>\n<p>Para el lateral azul, Cristi\u00e1n Su\u00e1rez el partido del pr\u00f3ximo domingo no ser\u00e1 uno m\u00e1s, el defensa vivir\u00e1 su primer cl\u00e1sico con la camiseta azul, para el \u201cBanana\u201d este ser\u00e1 un partido dif\u00edcil, pero pese a esto se muestra tranquilo, <strong>\u201cel plantel est\u00e1 bastante bien, confiado en lo que se puede hacer\u201d<\/strong>, se\u00f1al\u00f3 el ex lo\u00edno.<\/p>\n<p class=\"p1\"><span class=\"s1\">Su\u00e1rez est\u00e1 convencido que el plantel azul tiene las herramientas suficientes para enfrentar al equipo de Pedreros y conseguir una victoria, de la cual Universidad de Chile no conoce hace 13 a\u00f1os. <strong>\u201cEstudiaremos las falencias y virtudes de Colo Colo para as\u00ed tener las herramientas de ganar el cl\u00e1sico. Hay que estar atentos a las pasadas de Fierro y Beausejour y para eso debemos trabajar durante la semana\u201d<\/strong>, a\u00f1adi\u00f3 el defensa.<\/span><\/p>\n<p class=\"p1\"><strong><span class=\"s1\">Evoluci\u00f3n de los lesionados<\/span><\/strong><\/p>\n<p class=\"p1\"><span class=\"s1\">Cristi\u00e1n Su\u00e1rez tambi\u00e9n entreg\u00f3 novedades sobre la evoluci\u00f3n de las lesiones que afectan al equipo (Osvaldo Gonz\u00e1lez y Gustavo Canales), <strong>\u201cEst\u00e1n bien, la verdad es que est\u00e1n entrenando a la par con todo el grupo, a Gustavo se le ve bastante contento, no le molesta nada; a Osvaldo tambi\u00e9n, ya no tiene problemas con la lesi\u00f3n, as\u00ed que me parece que para el fin de semana llegan los dos de buena forma\u201d<\/strong>, dio a conocer el \u201cBanana\u201d<\/span><\/p>\n<p class=\"p1\"><span class=\"s1\">De esta forma el plantel s\u00f3lo lamentar\u00eda la baja de Gonzalo Espinoza, quien hace una semana sufri\u00f3 una fractura de clav\u00edcula y su recuperaci\u00f3n tardar\u00e1 varias semanas.<\/span><\/p>\n<p class=\"p1\"><span class=\"s1\"> Para la versi\u00f3n n\u00famero 176 del Derby nacional se espera un estadio lleno y cabe recordar que el d\u00eda de hoy se pusieron a la venta las entradas para los hinchas azules que quieran ir al Estadio Monumental y alentar a los azules el pr\u00f3ximo domingo 19 a partir de las 12:00 hrs.<\/span><\/p>\n","protected":false},"excerpt":{"rendered":"<p>Comienza una nueva semana para el plantel azul, una semana cargada de ambiente de cl\u00e1sico y esto ya lo viven los jugadores, hoy Cristi\u00e1n \u201cBanana\u201d Su\u00e1rez convers\u00f3 con los medios de prensa en el CDA y analiz\u00f3 de lleno el pr\u00f3ximo escollo de los azules.<\/p>\n","protected":false},"author":56,"featured_media":5717,"comment_status":"closed","ping_status":"open","sticky":false,"template":"","format":"standard","meta":{"footnotes":""},"categories":[18],"tags":[454,232,157,44],"class_list":{"0":"post-5714","1":"post","2":"type-post","3":"status-publish","4":"format-standard","5":"has-post-thumbnail","7":"category-actualidad","8":"tag-actualidad","9":"tag-apertura-2014-2015","10":"tag-portada","11":"tag-superclasico"},"_links":{"self":[{"href":"http:\/\/www.rincondelbulla.cl\/portal\/wp-json\/wp\/v2\/posts\/5714","targetHints":{"allow":["GET"]}}],"collection":[{"href":"http:\/\/www.rincondelbulla.cl\/portal\/wp-json\/wp\/v2\/posts"}],"about":[{"href":"http:\/\/www.rincondelbulla.cl\/portal\/wp-json\/wp\/v2\/types\/post"}],"author":[{"embeddable":true,"href":"http:\/\/www.rincondelbulla.cl\/portal\/wp-json\/wp\/v2\/users\/56"}],"replies":[{"embeddable":true,"href":"http:\/\/www.rincondelbulla.cl\/portal\/wp-json\/wp\/v2\/comments?post=5714"}],"version-history":[{"count":3,"href":"http:\/\/www.rincondelbulla.cl\/portal\/wp-json\/wp\/v2\/posts\/5714\/revisions"}],"predecessor-version":[{"id":5719,"href":"http:\/\/www.rincondelbulla.cl\/portal\/wp-json\/wp\/v2\/posts\/5714\/revisions\/5719"}],"wp:featuredmedia":[{"embeddable":true,"href":"http:\/\/www.rincondelbulla.cl\/portal\/wp-json\/wp\/v2\/media\/5717"}],"wp:attachment":[{"href":"http:\/\/www.rincondelbulla.cl\/portal\/wp-json\/wp\/v2\/media?parent=5714"}],"wp:term":[{"taxonomy":"category","embeddable":true,"href":"http:\/\/www.rincondelbulla.cl\/portal\/wp-json\/wp\/v2\/categories?post=5714"},{"taxonomy":"post_tag","embeddable":true,"href":"http:\/\/www.rincondelbulla.cl\/portal\/wp-json\/wp\/v2\/tags?post=5714"}],"curies":[{"name":"wp","href":"https:\/\/api.w.org\/{rel}","templated":true}]}}