{"id":5722,"date":"2014-10-14T22:13:25","date_gmt":"2014-10-14T22:13:25","guid":{"rendered":"http:\/\/www.rincondelbulla.cl\/portal\/?p=5722"},"modified":"2014-10-15T15:31:43","modified_gmt":"2014-10-15T15:31:43","slug":"lasarte-no-le-teme-a-las-estadisticas-en-macul","status":"publish","type":"post","link":"http:\/\/www.rincondelbulla.cl\/portal\/2014\/10\/14\/lasarte-no-le-teme-a-las-estadisticas-en-macul\/","title":{"rendered":"Lasarte no le teme a las estad\u00edsticas en Macul"},"content":{"rendered":"<figure id=\"attachment_5721\" aria-describedby=\"caption-attachment-5721\" style=\"width: 1100px\" class=\"wp-caption alignnone\"><a href=\"http:\/\/www.rincondelbulla.cl\/portal\/wp-content\/uploads\/2014\/10\/martin6.jpg\"><img loading=\"lazy\" decoding=\"async\" class=\"wp-image-5721 size-full\" src=\"http:\/\/www.rincondelbulla.cl\/portal\/wp-content\/uploads\/2014\/10\/martin6.jpg\" alt=\"\" width=\"1100\" height=\"700\" srcset=\"http:\/\/www.rincondelbulla.cl\/portal\/wp-content\/uploads\/2014\/10\/martin6.jpg 1100w, http:\/\/www.rincondelbulla.cl\/portal\/wp-content\/uploads\/2014\/10\/martin6-300x191.jpg 300w, http:\/\/www.rincondelbulla.cl\/portal\/wp-content\/uploads\/2014\/10\/martin6-768x489.jpg 768w, http:\/\/www.rincondelbulla.cl\/portal\/wp-content\/uploads\/2014\/10\/martin6-696x443.jpg 696w, http:\/\/www.rincondelbulla.cl\/portal\/wp-content\/uploads\/2014\/10\/martin6-1068x680.jpg 1068w, http:\/\/www.rincondelbulla.cl\/portal\/wp-content\/uploads\/2014\/10\/martin6-660x420.jpg 660w\" sizes=\"auto, (max-width: 1100px) 100vw, 1100px\" \/><\/a><figcaption id=\"caption-attachment-5721\" class=\"wp-caption-text\">El Estratega no le teme a Macul &#8211; Foto: Claudio C\u00e1ceres<\/figcaption><\/figure>\n<p><strong>El art\u00edfice\u00a0de la gran campa\u00f1a azul en el campeonato, ir\u00e1 a Pedreros con el sue\u00f1o de dar un paso importante \u00a0en el camino para bajar una nueva estrella para Universidad de Chile.<\/strong><!--more--><\/p>\n<p><strong>Por: Esteban Echag\u00fce<\/strong><\/p>\n<p class=\"p1\"><span class=\"s1\">Como una gran oportunidad para medirse ante el \u00abincoloro\u00bb, nuestros rom\u00e1nticos viajeros llegar\u00e1n a la plaza de Pedreros a demostrar por qu\u00e9 son lo \u00fanicos punteros del campeonato, a\u00fan sabiendo que han pasado 13 a\u00f1os de sequ\u00eda de triunfos en ese reducto, se va con una confianza de cambiar la historia.<\/span><\/p>\n<p class=\"p1\"><span class=\"s1\">En la conferencia del d\u00eda de hoy y a cinco d\u00edas del cl\u00e1sico, Mart\u00edn Lasarte, habl\u00f3 de las estad\u00edsticas que tienen \u00a0los de Macul\u00a0con los azules y de lo poco que le intimida ir y demostrar que los tres puntos ser\u00e1n azules.<\/span><\/p>\n<p class=\"p1\"><span class=\"s1\">Al referirse al tema \u00a0coment\u00f3 que a pesar de ser un cuerpo t\u00e9cnico distinto al anterior (tan elogiado de Sampaoli), tienen las mismas intenciones de <strong>\u201cir y pelear por el triunfo\u201d<\/strong>, ya que ser\u00e1 la misma camiseta azul la que recorrer\u00e1 esos pastos, en ese sentido se\u00f1al\u00f3,\u00a0<strong>\u201clo que queremos es ir a ganar para mantener esta racha de deseo, de ambici\u00f3n que tenemos por al consecuci\u00f3n del t\u00edtulo\u201d<\/strong> y la <strong>\u201csed de triunfos que tenemos nos va a ayudar\u201d<\/strong>\u00a0.<\/span><\/p>\n<p class=\"p1\"><span class=\"s1\">Tambi\u00e9n coment\u00f3 sobre el \u00e1rbitro designado, en este caso Jorge Osorio, \u00a0<strong>\u201clo importante ac\u00e1 es que se haya designado un arbitro de categor\u00eda, si eso se consigue bienvenido sea. Lo dem\u00e1s son resultados\u201d<\/strong>, a\u00f1adi\u00f3 el charr\u00faa.<\/span><\/p>\n<p class=\"p1\"><span class=\"s1\">Otro tema que se coment\u00f3 en la conferencia de prensa tuvo que ver con los rayados en el mural\u00a0del Centro Deportivo Azul, junto con lamentar tal espect\u00e1culo ilustr\u00f3 que cuando lleg\u00f3 <strong>\u201cYa estaban las manchas. Es una pena que se llegue a esos puntos. No s\u00e9 si va a perder o ganar por una mancha en un port\u00f3n\u201d<\/strong> dijo el Dt. Azul.<\/span><\/p>\n<p class=\"p1\"><span class=\"s1\">En lo netamente futbol\u00edstico, confirm\u00f3 a Canales y Gonz\u00e1lez y que podr\u00edan estar en la partida ante el otro equipo. Ambos entrenaron y trabajaron de forma normal y a la par con el resto del equipo.<\/span><\/p>\n","protected":false},"excerpt":{"rendered":"<p>El art\u00edfice\u00a0de la gran campa\u00f1a azul en el campeonato, ir\u00e1 a Pedreros con el sue\u00f1o de dar un paso importante \u00a0en el camino para bajar una nueva estrella para Universidad de Chile.<\/p>\n","protected":false},"author":56,"featured_media":5721,"comment_status":"closed","ping_status":"open","sticky":false,"template":"","format":"standard","meta":{"footnotes":""},"categories":[18],"tags":[454,232,224,157,44,156],"class_list":{"0":"post-5722","1":"post","2":"type-post","3":"status-publish","4":"format-standard","5":"has-post-thumbnail","7":"category-actualidad","8":"tag-actualidad","9":"tag-apertura-2014-2015","10":"tag-martin-lasarte","11":"tag-portada","12":"tag-superclasico","13":"tag-universidad-de-chile"},"_links":{"self":[{"href":"http:\/\/www.rincondelbulla.cl\/portal\/wp-json\/wp\/v2\/posts\/5722","targetHints":{"allow":["GET"]}}],"collection":[{"href":"http:\/\/www.rincondelbulla.cl\/portal\/wp-json\/wp\/v2\/posts"}],"about":[{"href":"http:\/\/www.rincondelbulla.cl\/portal\/wp-json\/wp\/v2\/types\/post"}],"author":[{"embeddable":true,"href":"http:\/\/www.rincondelbulla.cl\/portal\/wp-json\/wp\/v2\/users\/56"}],"replies":[{"embeddable":true,"href":"http:\/\/www.rincondelbulla.cl\/portal\/wp-json\/wp\/v2\/comments?post=5722"}],"version-history":[{"count":4,"href":"http:\/\/www.rincondelbulla.cl\/portal\/wp-json\/wp\/v2\/posts\/5722\/revisions"}],"predecessor-version":[{"id":5726,"href":"http:\/\/www.rincondelbulla.cl\/portal\/wp-json\/wp\/v2\/posts\/5722\/revisions\/5726"}],"wp:featuredmedia":[{"embeddable":true,"href":"http:\/\/www.rincondelbulla.cl\/portal\/wp-json\/wp\/v2\/media\/5721"}],"wp:attachment":[{"href":"http:\/\/www.rincondelbulla.cl\/portal\/wp-json\/wp\/v2\/media?parent=5722"}],"wp:term":[{"taxonomy":"category","embeddable":true,"href":"http:\/\/www.rincondelbulla.cl\/portal\/wp-json\/wp\/v2\/categories?post=5722"},{"taxonomy":"post_tag","embeddable":true,"href":"http:\/\/www.rincondelbulla.cl\/portal\/wp-json\/wp\/v2\/tags?post=5722"}],"curies":[{"name":"wp","href":"https:\/\/api.w.org\/{rel}","templated":true}]}}