{"id":5728,"date":"2014-10-15T21:21:26","date_gmt":"2014-10-15T21:21:26","guid":{"rendered":"http:\/\/www.rincondelbulla.cl\/portal\/?p=5728"},"modified":"2014-10-15T21:44:08","modified_gmt":"2014-10-15T21:44:08","slug":"herrera-sabemos-que-es-nuestra-obligacion-ganar","status":"publish","type":"post","link":"http:\/\/www.rincondelbulla.cl\/portal\/2014\/10\/15\/herrera-sabemos-que-es-nuestra-obligacion-ganar\/","title":{"rendered":"Herrera: \u201cSabemos que es nuestra obligaci\u00f3n ganar\u201d"},"content":{"rendered":"<figure id=\"attachment_5727\" aria-describedby=\"caption-attachment-5727\" style=\"width: 1100px\" class=\"wp-caption alignnone\"><a href=\"http:\/\/www.rincondelbulla.cl\/portal\/wp-content\/uploads\/2014\/10\/johnny_herrera.jpg\"><img loading=\"lazy\" decoding=\"async\" class=\"size-full wp-image-5727\" src=\"http:\/\/www.rincondelbulla.cl\/portal\/wp-content\/uploads\/2014\/10\/johnny_herrera.jpg\" alt=\"Para el emta est\u00e1n obligados a ganar -  Foto: Claudio C\u00e1ceres\" width=\"1100\" height=\"700\" srcset=\"http:\/\/www.rincondelbulla.cl\/portal\/wp-content\/uploads\/2014\/10\/johnny_herrera.jpg 1100w, http:\/\/www.rincondelbulla.cl\/portal\/wp-content\/uploads\/2014\/10\/johnny_herrera-300x191.jpg 300w, http:\/\/www.rincondelbulla.cl\/portal\/wp-content\/uploads\/2014\/10\/johnny_herrera-768x489.jpg 768w, http:\/\/www.rincondelbulla.cl\/portal\/wp-content\/uploads\/2014\/10\/johnny_herrera-696x443.jpg 696w, http:\/\/www.rincondelbulla.cl\/portal\/wp-content\/uploads\/2014\/10\/johnny_herrera-1068x680.jpg 1068w, http:\/\/www.rincondelbulla.cl\/portal\/wp-content\/uploads\/2014\/10\/johnny_herrera-660x420.jpg 660w\" sizes=\"auto, (max-width: 1100px) 100vw, 1100px\" \/><\/a><figcaption id=\"caption-attachment-5727\" class=\"wp-caption-text\">Para el meta\u00a0est\u00e1n obligados a ganar &#8211; Foto: Claudio C\u00e1ceres<\/figcaption><\/figure>\n<p><strong><span class=\"s1\">El meta azul se reincorpor\u00f3 hoy a los entrenamientos de Universidad de Chile tras su paso por la selecci\u00f3n Nacional, para Johnny desde ahora todo es cl\u00e1sico.<\/span><\/strong><!--more--><\/p>\n<p class=\"p1\">Johnny Herrera convers\u00f3 con los medios de prensa esta ma\u00f1ana en el CDA, como es costumbre y en la antesala del cl\u00e1sico del f\u00fatbol nacional, la gran parte de la conferencia estuvo enfocada en el partido del domingo.<\/p>\n<p class=\"p1\"><span class=\"s1\">Herrera sabe que ganando este encuentro dar\u00edan un paso importante en alcanzar el t\u00edtulo de este torneo, por eso se enfocan en traerse los tres puntos como sea,<strong> \u201ctenemos la chance de abrochar un posible campeonato, as\u00ed que vamos de cabeza a ganar este partido que es clave para el t\u00edtulo\u201d,<\/strong> se\u00f1al\u00f3 el meta.<\/span><\/p>\n<p class=\"p1\"><span class=\"s1\">Tambi\u00e9n coment\u00f3 sobre la sensaci\u00f3n de jugar este tipo de partidos y lo qu\u00e9 significa para<span class=\"Apple-converted-space\">\u00a0 <\/span>un jugador de la casa este encuentro. <strong>\u201cEste es un partido que lo estamos pensando hace rato ya. Los que somos nacidos y criados ac\u00e1 sabemos que es nuestra obligaci\u00f3n ganar este tipo de encuentros\u201d,<\/strong> a\u00f1adi\u00f3.<\/span><\/p>\n<p class=\"p1\"><span class=\"s1\">Sobre qu\u00e9 equipo juega mejor al f\u00fatbol, Herrera no tuvo inconvenientes en desmentir a los rivales que dicen que la U es efectiva, pero que son ellos quienes mejor juegan. <strong>\u00abConsidero que somos el equipo que mejor juega, por algo vamos punteros y los n\u00fameros est\u00e1n ah\u00ed, hablan por s\u00ed solos\u201d<\/strong>, <span class=\"Apple-converted-space\">\u00a0 <\/span>remat\u00f3 el azul.<\/span><\/p>\n<p class=\"p1\"><span class=\"s1\">Herrera es el \u00fanico jugador del actual equipo que estuvo presente en el \u00faltimo triunfo de la U en Pedreros el a\u00f1o 2001, es por este motivo que sabe de festejos en tierra colocolinas, as\u00ed tambi\u00e9n no se hace cargo del tan inflado invicto de los blancos,<strong> \u201clas estad\u00edsticas son para los estad\u00edsticos. Yo me hago cargo por lo que yo hice hasta hoy, a la fecha que he defendido a mi club, Universidad de Chile o cuando defend\u00ed a Everton o a Audax\u201d<\/strong> y a\u00f1adi\u00f3, <strong>\u201csi voy a las estad\u00edsticas en las que he estado presente, son m\u00e1s las veces en los que los hemos goleado, las que hemos ganado o dejado eliminados&#8230; Estamos enfocados en el f\u00fatbol y en realizar un buen partido el domingo para quedarnos con la victoria\u201d,<\/strong> sentenci\u00f3 Johnny.<\/span><\/p>\n","protected":false},"excerpt":{"rendered":"<p>El meta azul se reincorpor\u00f3 hoy a los entrenamientos de Universidad de Chile tras su paso por la selecci\u00f3n Nacional, para Johnny desde ahora todo es cl\u00e1sico.<\/p>\n","protected":false},"author":56,"featured_media":5727,"comment_status":"closed","ping_status":"open","sticky":false,"template":"","format":"standard","meta":{"footnotes":""},"categories":[18],"tags":[454,232,41,157,44],"class_list":{"0":"post-5728","1":"post","2":"type-post","3":"status-publish","4":"format-standard","5":"has-post-thumbnail","7":"category-actualidad","8":"tag-actualidad","9":"tag-apertura-2014-2015","10":"tag-johnny-herrera","11":"tag-portada","12":"tag-superclasico"},"_links":{"self":[{"href":"http:\/\/www.rincondelbulla.cl\/portal\/wp-json\/wp\/v2\/posts\/5728","targetHints":{"allow":["GET"]}}],"collection":[{"href":"http:\/\/www.rincondelbulla.cl\/portal\/wp-json\/wp\/v2\/posts"}],"about":[{"href":"http:\/\/www.rincondelbulla.cl\/portal\/wp-json\/wp\/v2\/types\/post"}],"author":[{"embeddable":true,"href":"http:\/\/www.rincondelbulla.cl\/portal\/wp-json\/wp\/v2\/users\/56"}],"replies":[{"embeddable":true,"href":"http:\/\/www.rincondelbulla.cl\/portal\/wp-json\/wp\/v2\/comments?post=5728"}],"version-history":[{"count":3,"href":"http:\/\/www.rincondelbulla.cl\/portal\/wp-json\/wp\/v2\/posts\/5728\/revisions"}],"predecessor-version":[{"id":5731,"href":"http:\/\/www.rincondelbulla.cl\/portal\/wp-json\/wp\/v2\/posts\/5728\/revisions\/5731"}],"wp:featuredmedia":[{"embeddable":true,"href":"http:\/\/www.rincondelbulla.cl\/portal\/wp-json\/wp\/v2\/media\/5727"}],"wp:attachment":[{"href":"http:\/\/www.rincondelbulla.cl\/portal\/wp-json\/wp\/v2\/media?parent=5728"}],"wp:term":[{"taxonomy":"category","embeddable":true,"href":"http:\/\/www.rincondelbulla.cl\/portal\/wp-json\/wp\/v2\/categories?post=5728"},{"taxonomy":"post_tag","embeddable":true,"href":"http:\/\/www.rincondelbulla.cl\/portal\/wp-json\/wp\/v2\/tags?post=5728"}],"curies":[{"name":"wp","href":"https:\/\/api.w.org\/{rel}","templated":true}]}}