{"id":5732,"date":"2014-10-16T17:02:47","date_gmt":"2014-10-16T17:02:47","guid":{"rendered":"http:\/\/www.rincondelbulla.cl\/portal\/?p=5732"},"modified":"2014-10-16T17:59:50","modified_gmt":"2014-10-16T17:59:50","slug":"mathias-corujo-queremos-quedar-en-la-historia","status":"publish","type":"post","link":"http:\/\/www.rincondelbulla.cl\/portal\/2014\/10\/16\/mathias-corujo-queremos-quedar-en-la-historia\/","title":{"rendered":"Math\u00edas Corujo: \u201cQueremos quedar en la historia\u201d"},"content":{"rendered":"<p><img loading=\"lazy\" decoding=\"async\" class=\"alignnone wp-image-5641 size-full\" src=\"http:\/\/www.rincondelbulla.cl\/portal\/wp-content\/uploads\/2014\/09\/mathias_corujo.jpg\" alt=\"mathias_corujo\" width=\"1100\" height=\"700\" srcset=\"http:\/\/www.rincondelbulla.cl\/portal\/wp-content\/uploads\/2014\/09\/mathias_corujo.jpg 1100w, http:\/\/www.rincondelbulla.cl\/portal\/wp-content\/uploads\/2014\/09\/mathias_corujo-300x191.jpg 300w, http:\/\/www.rincondelbulla.cl\/portal\/wp-content\/uploads\/2014\/09\/mathias_corujo-768x489.jpg 768w, http:\/\/www.rincondelbulla.cl\/portal\/wp-content\/uploads\/2014\/09\/mathias_corujo-696x443.jpg 696w, http:\/\/www.rincondelbulla.cl\/portal\/wp-content\/uploads\/2014\/09\/mathias_corujo-1068x680.jpg 1068w, http:\/\/www.rincondelbulla.cl\/portal\/wp-content\/uploads\/2014\/09\/mathias_corujo-660x420.jpg 660w\" sizes=\"auto, (max-width: 1100px) 100vw, 1100px\" \/><\/p>\n<p><strong>Luego de volver de la gira con la selecci\u00f3n uruguaya, Corujo ya entrena a la par con los dem\u00e1s compa\u00f1eros y se prepara para el cl\u00e1sico de este domingo. Adem\u00e1s habl\u00f3 sobre su compatriota Guzm\u00e1n Pereira y su posible titularidad de este domingo.<\/strong><!--more--><\/p>\n<p>La importancia de este triunfo para la \u201cU\u201d es\u00a0 muy especial, como hace muchos a\u00f1os no se llegaba tan a la par con el archirrival. \u201cPara nosotros esta la presi\u00f3n de buscar los 3 puntos, hay que buscar el resultado, hace muchos a\u00f1os no se puede ganar ah\u00ed, queremos quedar en la historia y salir campeones\u201d, coment\u00f3 Corujo.<\/p>\n<p>Sobre su gira junto a la selecci\u00f3n uruguaya, Math\u00edas Corujo coment\u00f3 que f\u00edsicamente no hay ning\u00fan percance y que llega en perfectas condiciones. \u201cLlegue muy bien, vengo descansado, y no hay excusa, sin duda es el partido m\u00e1s lindo que uno puede jugar ac\u00e1 en chile\u201d.<\/p>\n<p>Al ser consultado sobre el desempe\u00f1o y posible titularidad en el cl\u00e1sico de su compatriota Guzm\u00e1n Pereira, Corujo no dudo en respaldarlo. \u201cLo he visto muy bien, es consciente de que tiene que rendir, si le toca jugar no tengo duda que se va a matar por el equipo\u201d.<\/p>\n","protected":false},"excerpt":{"rendered":"<p>Luego de volver de la gira con la selecci\u00f3n uruguaya, Corujo ya entrena a la par con los dem\u00e1s compa\u00f1eros y se prepara para el cl\u00e1sico de este domingo. Adem\u00e1s habl\u00f3 sobre su compatriota Guzm\u00e1n Pereira y su posible titularidad de este domingo.<\/p>\n","protected":false},"author":65,"featured_media":5643,"comment_status":"closed","ping_status":"open","sticky":false,"template":"","format":"standard","meta":{"footnotes":""},"categories":[18],"tags":[454,232,257,157,44],"class_list":{"0":"post-5732","1":"post","2":"type-post","3":"status-publish","4":"format-standard","5":"has-post-thumbnail","7":"category-actualidad","8":"tag-actualidad","9":"tag-apertura-2014-2015","10":"tag-mathias-corujo","11":"tag-portada","12":"tag-superclasico"},"_links":{"self":[{"href":"http:\/\/www.rincondelbulla.cl\/portal\/wp-json\/wp\/v2\/posts\/5732","targetHints":{"allow":["GET"]}}],"collection":[{"href":"http:\/\/www.rincondelbulla.cl\/portal\/wp-json\/wp\/v2\/posts"}],"about":[{"href":"http:\/\/www.rincondelbulla.cl\/portal\/wp-json\/wp\/v2\/types\/post"}],"author":[{"embeddable":true,"href":"http:\/\/www.rincondelbulla.cl\/portal\/wp-json\/wp\/v2\/users\/65"}],"replies":[{"embeddable":true,"href":"http:\/\/www.rincondelbulla.cl\/portal\/wp-json\/wp\/v2\/comments?post=5732"}],"version-history":[{"count":3,"href":"http:\/\/www.rincondelbulla.cl\/portal\/wp-json\/wp\/v2\/posts\/5732\/revisions"}],"predecessor-version":[{"id":5735,"href":"http:\/\/www.rincondelbulla.cl\/portal\/wp-json\/wp\/v2\/posts\/5732\/revisions\/5735"}],"wp:featuredmedia":[{"embeddable":true,"href":"http:\/\/www.rincondelbulla.cl\/portal\/wp-json\/wp\/v2\/media\/5643"}],"wp:attachment":[{"href":"http:\/\/www.rincondelbulla.cl\/portal\/wp-json\/wp\/v2\/media?parent=5732"}],"wp:term":[{"taxonomy":"category","embeddable":true,"href":"http:\/\/www.rincondelbulla.cl\/portal\/wp-json\/wp\/v2\/categories?post=5732"},{"taxonomy":"post_tag","embeddable":true,"href":"http:\/\/www.rincondelbulla.cl\/portal\/wp-json\/wp\/v2\/tags?post=5732"}],"curies":[{"name":"wp","href":"https:\/\/api.w.org\/{rel}","templated":true}]}}