{"id":5736,"date":"2014-10-16T22:17:24","date_gmt":"2014-10-16T22:17:24","guid":{"rendered":"http:\/\/www.rincondelbulla.cl\/portal\/?p=5736"},"modified":"2014-10-16T22:19:33","modified_gmt":"2014-10-16T22:19:33","slug":"la-previa-el-domingo-cueste-lo-que-cueste","status":"publish","type":"post","link":"http:\/\/www.rincondelbulla.cl\/portal\/2014\/10\/16\/la-previa-el-domingo-cueste-lo-que-cueste\/","title":{"rendered":"La previa: El domingo cueste lo que cueste"},"content":{"rendered":"<figure id=\"attachment_5737\" aria-describedby=\"caption-attachment-5737\" style=\"width: 1100px\" class=\"wp-caption alignnone\"><a href=\"http:\/\/www.rincondelbulla.cl\/portal\/wp-content\/uploads\/2014\/10\/vscolocolo.jpg\"><img loading=\"lazy\" decoding=\"async\" class=\"size-full wp-image-5737\" src=\"http:\/\/www.rincondelbulla.cl\/portal\/wp-content\/uploads\/2014\/10\/vscolocolo.jpg\" alt=\"La \u201cU\u201d jugar\u00e1 el partido m\u00e1s importante del torneo este domingo - Foto: Patricio Gonz\u00e1lez\" width=\"1100\" height=\"700\" srcset=\"http:\/\/www.rincondelbulla.cl\/portal\/wp-content\/uploads\/2014\/10\/vscolocolo.jpg 1100w, http:\/\/www.rincondelbulla.cl\/portal\/wp-content\/uploads\/2014\/10\/vscolocolo-300x191.jpg 300w, http:\/\/www.rincondelbulla.cl\/portal\/wp-content\/uploads\/2014\/10\/vscolocolo-768x489.jpg 768w, http:\/\/www.rincondelbulla.cl\/portal\/wp-content\/uploads\/2014\/10\/vscolocolo-696x443.jpg 696w, http:\/\/www.rincondelbulla.cl\/portal\/wp-content\/uploads\/2014\/10\/vscolocolo-1068x680.jpg 1068w, http:\/\/www.rincondelbulla.cl\/portal\/wp-content\/uploads\/2014\/10\/vscolocolo-660x420.jpg 660w\" sizes=\"auto, (max-width: 1100px) 100vw, 1100px\" \/><\/a><figcaption id=\"caption-attachment-5737\" class=\"wp-caption-text\">La \u201cU\u201d jugar\u00e1 el partido m\u00e1s importante del torneo este domingo &#8211; Foto: Patricio Gonz\u00e1lez<\/figcaption><\/figure>\n<p><strong>La \u201cU\u201d jugar\u00e1 el partido m\u00e1s importante del torneo este domingo, en un supercl\u00e1sico que puede comenzar a definir el torneo. Romper la mala racha de 13 a\u00f1os sin ganar en Pedreros y escaparse en la punta son los objetivos.<\/strong><!--more--><\/p>\n<p><strong>Escrito Por: Enrique Moreno<\/strong><\/p>\n<p>Desde las 12 horas del domingo, Universidad de Chile saltar\u00e1 al gramado del Estadio Monumental para enfrentar a Colo Colo en una nueva versi\u00f3n del supercl\u00e1sico del f\u00fatbol chileno. El arbitraje correr\u00e1 por cuenta de Jorge Osorio, en un partido que puede definir el campeonato.<\/p>\n<p>Esto pues los azules le llevan cinco puntos de ventaja a Colo Colo, por lo que de ganar la diferencia se extender\u00eda a 8, diferencia importante considerando que quedar\u00edan seis fechas para el final del torneo.<\/p>\n<p>En frente estar\u00e1 un cuadro albo que viene de derrotar por 1-0 a U. de Concepci\u00f3n en el sur y que se ubica segundo con 23 puntos, por lo que tendr\u00e1n la gran chance de acercarse al l\u00edder.<\/p>\n<p><strong>Formaci\u00f3n de la \u201cU\u201d<\/strong><\/p>\n<p>Todo parece indicar que tanto Osvaldo Gonz\u00e1lez como Gustavo Canales, quienes presentaban dolencias, podr\u00e1n ser de la partida. En tanto, la \u00fanica baja de los titulares ser\u00eda Gonzalo Espinoza, lesionado e imposibilitado de jugar hasta el fin del campeonato.<\/p>\n<p>Su reemplazante a\u00fan es una inc\u00f3gnita. El relevo natural es Guzm\u00e1n Pereira, pero no satisfizo a Mart\u00edn Lasarte en su \u00faltima presentaci\u00f3n, por lo que su puesto lo podr\u00eda utilizar Gustavo Lorenzetti, asumiendo el DT uruguayo una postura m\u00e1s ofensiva. En tanto, tambi\u00e9n se ha rumoreado la posibilidad de incluir a Benjam\u00edn Vidal en dicha posici\u00f3n.<\/p>\n<p>De esta manera, la \u201cU\u201d enfrentar\u00eda el supercl\u00e1sico con<strong> Johnny Herrera; Mathias Corujo, Osvaldo Gonz\u00e1lez, Jos\u00e9 Rojas y Cristian Su\u00e1rez; Sebasti\u00e1n Mart\u00ednez, Guzm\u00e1n Pereira (o Gustavo Lorenzetti); Ram\u00f3n Fern\u00e1ndez; Sebasti\u00e1n Ubilla, Gustavo Canales y Patricio Rubio.<\/strong><\/p>\n<p><strong>Historial y estad\u00edstica<\/strong><\/p>\n<p>La \u00faltima vez que azules y albos se enfrentaron fue el pasado 4 de abril. Aquella ocasi\u00f3n la \u201cU\u201d cay\u00f3 por 1-0 en el Estadio Nacional con un autogol de Roberto Cereceda.<\/p>\n<p>En tanto, en el Monumental chocaron por \u00faltima vez el 10 de noviembre de 2013, cuando los azules cayeron por 3-2, con descuentos anotados por Charles Ar\u00e1nguiz de penal y Ram\u00f3n Fern\u00e1ndez de tiro libre.<\/p>\n<p>En cuanto al historial, por torneos nacionales se han enfrentado en 175 oportunidades, con 48 triunfos de la \u201cU\u201d, 50 empates y 77 derrotas, con 227 goles a favor, 292 en contra y un negativo 43% de rendimiento.<\/p>\n<p><strong>Entradas y transmisi\u00f3n<\/strong><\/p>\n<p>Para este partido, las entradas para el sector de la \u201cU\u201d (Magallanes) se vendieron exclusivamente para abonados y registrados en el registro civil azul. Fueron cerca de 2 mil localidades, con acceso a una por rut, las que ya se encuentran agotadas.<\/p>\n<p>Tambi\u00e9n hay hinchas azules que han adquirido otros sectores, sobre todo Galvarino, los que tambi\u00e9n ser\u00edan dirigidos al sector Magallanes.<\/p>\n<p>La transmisi\u00f3n correr\u00e1 por cuenta de CDF Premium y CDF HD con una hora de previa. Adem\u00e1s, podr\u00e1s seguir el minuto a minuto en el fan page de Rinc\u00f3n del Bulla.<\/p>\n","protected":false},"excerpt":{"rendered":"<p>La \u201cU\u201d jugar\u00e1 el partido m\u00e1s importante del torneo este domingo, en un supercl\u00e1sico que puede comenzar a definir el torneo. Romper la mala racha de 13 a\u00f1os sin ganar en Pedreros y escaparse en la punta son los objetivos.<\/p>\n","protected":false},"author":56,"featured_media":5737,"comment_status":"closed","ping_status":"open","sticky":false,"template":"","format":"standard","meta":{"footnotes":""},"categories":[18],"tags":[454,232,37,157,44],"class_list":{"0":"post-5736","1":"post","2":"type-post","3":"status-publish","4":"format-standard","5":"has-post-thumbnail","7":"category-actualidad","8":"tag-actualidad","9":"tag-apertura-2014-2015","10":"tag-la-previa","11":"tag-portada","12":"tag-superclasico"},"_links":{"self":[{"href":"http:\/\/www.rincondelbulla.cl\/portal\/wp-json\/wp\/v2\/posts\/5736","targetHints":{"allow":["GET"]}}],"collection":[{"href":"http:\/\/www.rincondelbulla.cl\/portal\/wp-json\/wp\/v2\/posts"}],"about":[{"href":"http:\/\/www.rincondelbulla.cl\/portal\/wp-json\/wp\/v2\/types\/post"}],"author":[{"embeddable":true,"href":"http:\/\/www.rincondelbulla.cl\/portal\/wp-json\/wp\/v2\/users\/56"}],"replies":[{"embeddable":true,"href":"http:\/\/www.rincondelbulla.cl\/portal\/wp-json\/wp\/v2\/comments?post=5736"}],"version-history":[{"count":2,"href":"http:\/\/www.rincondelbulla.cl\/portal\/wp-json\/wp\/v2\/posts\/5736\/revisions"}],"predecessor-version":[{"id":5739,"href":"http:\/\/www.rincondelbulla.cl\/portal\/wp-json\/wp\/v2\/posts\/5736\/revisions\/5739"}],"wp:featuredmedia":[{"embeddable":true,"href":"http:\/\/www.rincondelbulla.cl\/portal\/wp-json\/wp\/v2\/media\/5737"}],"wp:attachment":[{"href":"http:\/\/www.rincondelbulla.cl\/portal\/wp-json\/wp\/v2\/media?parent=5736"}],"wp:term":[{"taxonomy":"category","embeddable":true,"href":"http:\/\/www.rincondelbulla.cl\/portal\/wp-json\/wp\/v2\/categories?post=5736"},{"taxonomy":"post_tag","embeddable":true,"href":"http:\/\/www.rincondelbulla.cl\/portal\/wp-json\/wp\/v2\/tags?post=5736"}],"curies":[{"name":"wp","href":"https:\/\/api.w.org\/{rel}","templated":true}]}}